{"id":86543,"date":"2016-05-19T10:38:32","date_gmt":"2016-05-19T13:38:32","guid":{"rendered":"http:\/\/www.redenoticia.com.br\/noticia\/?p=86543"},"modified":"2016-05-18T18:39:28","modified_gmt":"2016-05-18T21:39:28","slug":"leitura-e-habito-de-56-da-populacao-indica-pesquisa","status":"publish","type":"post","link":"https:\/\/www.redenoticia.com.br\/noticia\/2016\/leitura-e-habito-de-56-da-populacao-indica-pesquisa\/86543","title":{"rendered":"Leitura \u00e9 h\u00e1bito de 56% da popula\u00e7\u00e3o, indica pesquisa"},"content":{"rendered":"<p> A leitura \u00e9 um h\u00e1bito de 56% da popula\u00e7\u00e3o brasileira, segundo pesquisa divulgada pelo Instituto Pr\u00f3-Livro (IPL). Para ser considerado um leitor, pela metodologia do estudo, \u00e9 necess\u00e1rio ter lido ao menos um <strong><em>livro<\/em><\/strong> nos \u00faltimos tr\u00eas meses. Ao todo, foram ouvidas 5 mil pessoas em todas as regi\u00f5es do Brasil, entre 23 de novembro e 14 de dezembro de 2015. Em rela\u00e7\u00e3o aos dois \u00faltimos estudos feitos pela organiza\u00e7\u00e3o, o percentual de leitores variou pouco, eram 55%, em 2007, e 50% em 2011.<\/p>\n<p>Em m\u00e9dia, os entrevistados disseram ter lido 2,54 livros nos \u00faltimos tr\u00eas meses, sendo 1,06 do come\u00e7o ao fim. Entre os que t\u00eam o h\u00e1bito da leitura, a m\u00e9dia \u00e9 de 4,54 livros no per\u00edodo, com 1,91 inteiro.<\/p>\n<p>Para o presidente do IPL, Marcos da Veiga Pereira, a falta de tempo e o tamanho dos esfor\u00e7os necess\u00e1rios para difundir o h\u00e1bito dificultam a amplia\u00e7\u00e3o do n\u00famero de leitores. \u201cTanto na educa\u00e7\u00e3o quanto na \u00e1rea cultural, o investimento \u00e9 muito grande e de longo prazo\u201d, ressaltou. \u201cNa escola voc\u00ea tem que ter um investimento no professor, na biblioteca escolar e no mediador de leitura. A gente precisa trazer esses programas, como o conv\u00edvio com os autores\u201d, sugeriu.<\/p>\n<p>Segundo Pereira, esse deve ser um trabalho conjunto e desenvolvido por entidades do setor privado, organiza\u00e7\u00f5es n\u00e3o governamentais e o Poder P\u00fablico.<\/p>\n<p>Prefer\u00eancias<\/p>\n<p>Entre os leitores, 42% disseram ter o h\u00e1bito de ler a B\u00edblia. Em seguida, entre as leituras frequentes, aparecem os livros religiosos, os contos e os romances, com 22% da prefer\u00eancia do p\u00fablico. Os livros did\u00e1ticos s\u00e3o habituais para 16% da popula\u00e7\u00e3o e os infantis, para 15%.<\/p>\n<p>As bibliotecas ganharam espa\u00e7o como local de leitura. Em 2007 e 2011, esses locais eram usados por 12% dos leitores. Na nova vers\u00e3o da pesquisa, referente a 2015, 19% dos entrevistados que costumar ler disseram usar a biblioteca para essa atividade. No entanto, a casa ainda \u00e9 o principal local de leitura, utilizado por 81% dos leitores. Em seguida vem a sala de aula, com 25% da prefer\u00eancia dos leitores.<\/p>\n<p>Apesar de 77% dos leitores terem dito que gostariam de ter lido mais, 43% disse que n\u00e3o o fez por falta de tempo. Entre os que n\u00e3o tem o h\u00e1bito da leitura, 32% alegou a mesma raz\u00e3o para n\u00e3o se aproximar dos livros. Outros 28% disseram simplesmente que n\u00e3o gostam de ler e 13% que n\u00e3o tem paci\u00eancia.<\/p>\n<p>O percentual das pessoas que disseram n\u00e3o ter problemas para ler caiu de 48%, em 2007 e 43%, em 2011, para 33%, em 2015. Entre os que t\u00eam dificuldades, a limita\u00e7\u00e3o com maior n\u00famero de men\u00e7\u00f5es \u00e9 a falta de paci\u00eancia (24%), em seguida est\u00e3o os acreditam que leem muito devagar (20%) e os que tem problemas de vis\u00e3o (17%).<\/p>\n<p>Daniel Mello &#8211; Rep\u00f3rter da Ag\u00eancia Brasil<br \/>\nEdi\u00e7\u00e3o: Luana Louren\u00e7o<br \/>\n19\/05\/2016<\/p>\n","protected":false},"excerpt":{"rendered":"<p>A leitura \u00e9 um h\u00e1bito de 56% da popula\u00e7\u00e3o brasileira, segundo pesquisa divulgada pelo Instituto Pr\u00f3-Livro (IPL). Para ser considerado um leitor, pela metodologia do estudo, \u00e9 necess\u00e1rio ter lido ao menos um livro nos \u00faltimos tr\u00eas meses. Ao todo, foram ouvidas 5 mil pessoas em todas as regi\u00f5es do Brasil, entre 23 de novembro [&hellip;]<\/p>\n","protected":false},"author":2,"featured_media":34821,"comment_status":"open","ping_status":"closed","sticky":false,"template":"","format":"standard","meta":{"_genesis_hide_title":false,"_genesis_hide_breadcrumbs":false,"_genesis_hide_singular_image":false,"_genesis_hide_footer_widgets":false,"_genesis_custom_body_class":"","_genesis_custom_post_class":"","_genesis_layout":"","_jetpack_memberships_contains_paid_content":false,"footnotes":""},"categories":[22],"tags":[],"class_list":{"0":"post-86543","1":"post","2":"type-post","3":"status-publish","4":"format-standard","5":"has-post-thumbnail","7":"category-brasil","8":"entry","9":"gs-1","10":"gs-odd","11":"gs-even","12":"gs-featured-content-entry"},"jetpack_featured_media_url":"https:\/\/www.redenoticia.com.br\/noticia\/imagens\/livro1.jpg","jetpack_sharing_enabled":true,"jetpack_likes_enabled":true,"_links":{"self":[{"href":"https:\/\/www.redenoticia.com.br\/noticia\/wp-json\/wp\/v2\/posts\/86543","targetHints":{"allow":["GET"]}}],"collection":[{"href":"https:\/\/www.redenoticia.com.br\/noticia\/wp-json\/wp\/v2\/posts"}],"about":[{"href":"https:\/\/www.redenoticia.com.br\/noticia\/wp-json\/wp\/v2\/types\/post"}],"author":[{"embeddable":true,"href":"https:\/\/www.redenoticia.com.br\/noticia\/wp-json\/wp\/v2\/users\/2"}],"replies":[{"embeddable":true,"href":"https:\/\/www.redenoticia.com.br\/noticia\/wp-json\/wp\/v2\/comments?post=86543"}],"version-history":[{"count":0,"href":"https:\/\/www.redenoticia.com.br\/noticia\/wp-json\/wp\/v2\/posts\/86543\/revisions"}],"wp:featuredmedia":[{"embeddable":true,"href":"https:\/\/www.redenoticia.com.br\/noticia\/wp-json\/wp\/v2\/media\/34821"}],"wp:attachment":[{"href":"https:\/\/www.redenoticia.com.br\/noticia\/wp-json\/wp\/v2\/media?parent=86543"}],"wp:term":[{"taxonomy":"category","embeddable":true,"href":"https:\/\/www.redenoticia.com.br\/noticia\/wp-json\/wp\/v2\/categories?post=86543"},{"taxonomy":"post_tag","embeddable":true,"href":"https:\/\/www.redenoticia.com.br\/noticia\/wp-json\/wp\/v2\/tags?post=86543"}],"curies":[{"name":"wp","href":"https:\/\/api.w.org\/{rel}","templated":true}]}}