{"id":86478,"date":"2016-05-18T10:15:08","date_gmt":"2016-05-18T13:15:08","guid":{"rendered":"http:\/\/www.redenoticia.com.br\/noticia\/?p=86478"},"modified":"2016-05-17T18:16:48","modified_gmt":"2016-05-17T21:16:48","slug":"serasa-indica-queda-na-procura-por-credito-em-abril","status":"publish","type":"post","link":"https:\/\/www.redenoticia.com.br\/noticia\/2016\/serasa-indica-queda-na-procura-por-credito-em-abril\/86478","title":{"rendered":"Serasa indica queda na procura por cr\u00e9dito em abril"},"content":{"rendered":"<p> A quantidade de pessoas que buscou <em><strong>cr\u00e9dito<\/strong><\/em> em abril deste ano caiu 5,1% com rela\u00e7\u00e3o a mar\u00e7o e cresceu 7,8% na compara\u00e7\u00e3o com abril do ano passado. No acumulado do primeiro quadrimestre do ano, a demanda do consumidor por cr\u00e9dito avan\u00e7ou 2,6% em rela\u00e7\u00e3o ao primeiro quadrimestre do ano passado, de acordo com o Indicador Serasa Experian da Demanda do Consumidor por Cr\u00e9dito.<\/p>\n<p>Segundo os dados, na compara\u00e7\u00e3o com mar\u00e7o, a queda na demanda do consumidor por cr\u00e9dito foi de 4,6% para os que ganham at\u00e9 R$ 500 mensais e de 4,9% para os que recebem entre R$ 500 e R$ 1 mil por m\u00eas. Houve queda de 5,3% para renda entre R$ 1 mil e R$ 2 mil; 5,2% para a faixa de R$ 2 mil a R$ 5 mil mensais; 5,1% para os que recebem entre R$ 5 mil e R$ 10 mil por m\u00eas; e 4,6% para aqueles que ganham mais de R$ 10 mil mensais.<\/p>\n<p>No acumulado do primeiro quadrimestre de 2016, com exce\u00e7\u00e3o da faixa de menor renda (com queda de 2,0%), a busca do consumidor por cr\u00e9dito subiu em todas as demais faixas de renda em rela\u00e7\u00e3o ao primeiro quadrimestre de 2015: consumidores com renda mensal entre R$ 500 e R$ 1 mil (2,1%); renda mensal entre R$ 1 mil e R$ 2 mil (3,7%); renda mensal entre R$ 2 mil e R$ 5 mil (4,0%); renda mensal entre R$ 5 mil e R$ 10 mil (4,1%) e renda mensal maior que R$ 10 mil (3,5%).<\/p>\n<p>Na compara\u00e7\u00e3o de abril com mar\u00e7o, houve quedas em todas as regi\u00f5es do pa\u00eds: Norte (-9,8%); Centro-Oeste (-7,6%); Sudeste (-5,4%); Nordeste (-3,8%); Sul (-2,6%).<\/p>\n<p>De acordo com os economistas da Serasa Experian, a evolu\u00e7\u00e3o da demanda por cr\u00e9dito pelos consumidores continua exibindo baixo dinamismo, devido aos impactos da recess\u00e3o econ\u00f4mica sobre o n\u00edvel de emprego, reduzindo a capacidade de pagamento das fam\u00edlias, pelo grau deprimido do n\u00edvel de confian\u00e7a dos consumidores e pelas altas taxas de juros praticadas nas opera\u00e7\u00f5es de cr\u00e9dito.<\/p>\n<p>Fl\u00e1via Albuquerque \u2013 Rep\u00f3rter da Ag\u00eancia Brasil<br \/>\nEdi\u00e7\u00e3o: Maria Claudia<br \/>\n18\/05\/2016<\/p>\n","protected":false},"excerpt":{"rendered":"<p>A quantidade de pessoas que buscou cr\u00e9dito em abril deste ano caiu 5,1% com rela\u00e7\u00e3o a mar\u00e7o e cresceu 7,8% na compara\u00e7\u00e3o com abril do ano passado. No acumulado do primeiro quadrimestre do ano, a demanda do consumidor por cr\u00e9dito avan\u00e7ou 2,6% em rela\u00e7\u00e3o ao primeiro quadrimestre do ano passado, de acordo com o Indicador [&hellip;]<\/p>\n","protected":false},"author":2,"featured_media":57584,"comment_status":"open","ping_status":"closed","sticky":false,"template":"","format":"standard","meta":{"_genesis_hide_title":false,"_genesis_hide_breadcrumbs":false,"_genesis_hide_singular_image":false,"_genesis_hide_footer_widgets":false,"_genesis_custom_body_class":"","_genesis_custom_post_class":"","_genesis_layout":"","_jetpack_memberships_contains_paid_content":false,"footnotes":""},"categories":[22,7],"tags":[],"class_list":{"0":"post-86478","1":"post","2":"type-post","3":"status-publish","4":"format-standard","5":"has-post-thumbnail","7":"category-brasil","8":"category-economia","9":"entry","10":"gs-1","11":"gs-odd","12":"gs-even","13":"gs-featured-content-entry"},"jetpack_featured_media_url":"https:\/\/www.redenoticia.com.br\/noticia\/imagens\/economia-grafica-analise-inflacao.jpg","jetpack_sharing_enabled":true,"jetpack_likes_enabled":true,"_links":{"self":[{"href":"https:\/\/www.redenoticia.com.br\/noticia\/wp-json\/wp\/v2\/posts\/86478","targetHints":{"allow":["GET"]}}],"collection":[{"href":"https:\/\/www.redenoticia.com.br\/noticia\/wp-json\/wp\/v2\/posts"}],"about":[{"href":"https:\/\/www.redenoticia.com.br\/noticia\/wp-json\/wp\/v2\/types\/post"}],"author":[{"embeddable":true,"href":"https:\/\/www.redenoticia.com.br\/noticia\/wp-json\/wp\/v2\/users\/2"}],"replies":[{"embeddable":true,"href":"https:\/\/www.redenoticia.com.br\/noticia\/wp-json\/wp\/v2\/comments?post=86478"}],"version-history":[{"count":0,"href":"https:\/\/www.redenoticia.com.br\/noticia\/wp-json\/wp\/v2\/posts\/86478\/revisions"}],"wp:featuredmedia":[{"embeddable":true,"href":"https:\/\/www.redenoticia.com.br\/noticia\/wp-json\/wp\/v2\/media\/57584"}],"wp:attachment":[{"href":"https:\/\/www.redenoticia.com.br\/noticia\/wp-json\/wp\/v2\/media?parent=86478"}],"wp:term":[{"taxonomy":"category","embeddable":true,"href":"https:\/\/www.redenoticia.com.br\/noticia\/wp-json\/wp\/v2\/categories?post=86478"},{"taxonomy":"post_tag","embeddable":true,"href":"https:\/\/www.redenoticia.com.br\/noticia\/wp-json\/wp\/v2\/tags?post=86478"}],"curies":[{"name":"wp","href":"https:\/\/api.w.org\/{rel}","templated":true}]}}