{"id":86476,"date":"2016-05-18T10:13:50","date_gmt":"2016-05-18T13:13:50","guid":{"rendered":"http:\/\/www.redenoticia.com.br\/noticia\/?p=86476"},"modified":"2016-05-17T18:15:01","modified_gmt":"2016-05-17T21:15:01","slug":"fgv-indica-melhora-de-expectativas-na-economia","status":"publish","type":"post","link":"https:\/\/www.redenoticia.com.br\/noticia\/2016\/fgv-indica-melhora-de-expectativas-na-economia\/86476","title":{"rendered":"FGV indica melhora de expectativas na economia"},"content":{"rendered":"<p> O <em><strong>Indicador Antecedente Composto da Economia<\/strong><\/em> (Iace) para o Brasil aumentou 1,2%, em abril, segundo o levantamento feito pelo Instituto Brasileiro de Economia da Funda\u00e7\u00e3o Getulio Vargas (Ibre\/FGV), em conjunto com o The Conference Board (TCB), institui\u00e7\u00e3o norte-americana. Foi a terceira alta seguida ap\u00f3s subir 1,1%, em mar\u00e7o, e 02%, em fevereiro.<\/p>\n<p>Seis dos oito componentes analisados contribu\u00edram para esse avan\u00e7o: a taxa de swap de 360 dias, os \u00edndices de expectativas das Sondagens da Ind\u00fastria e de Servi\u00e7os, o Ibovespa, o \u00edndice de Produ\u00e7\u00e3o Industrial de Dur\u00e1veis e o Quantum de exporta\u00e7\u00f5es.<\/p>\n<p>O Iace permite uma compara\u00e7\u00e3o dos ciclos econ\u00f4micos do Brasil com os de outros 11 pa\u00edses e regi\u00f5es onde tamb\u00e9m \u00e9 feita a pesquisa pelo The Conference Board: China, Estados Unidos, Zona do Euro, Austr\u00e1lia, Fran\u00e7a, Alemanha, Jap\u00e3o, M\u00e9xico, Cor\u00e9ia, Espanha e Reino Unido.<\/p>\n<p>O Indicador Coincidente Composto da Economia (ICCE) do Brasil, que faz parte da pesquisa em torno das condi\u00e7\u00f5es econ\u00f4micas atuais, teve crescimento de 0,1% em abril, registrando 98,0 pontos, revertendo as baixas registradas em mar\u00e7o (-0,1%) e fevereiro (-0,6%).<\/p>\n<p>O economista Paulo Picchetti, do Ibre\/FGV, justificou que o resultado reflete um comportamento de melhora de expectativas. \u201cO Iace manteve, em abril, a tend\u00eancia positiva dos dois meses anteriores, refletindo a melhora da maior parte de seus componentes de expectativas, ao passo que o ICCE continua apresentando varia\u00e7\u00f5es em torno da estabilidade na margem\u201d, disse, por meio de nota.<\/p>\n<p>Essa melhora, segundo destacou, \u00e9 consequ\u00eancia da transi\u00e7\u00e3o pol\u00edtica em um &#8220;cen\u00e1rio de redu\u00e7\u00e3o das incertezas de curto prazo\u201d.<\/p>\n<p>Marli Moreira \u2013 Rep\u00f3rter da Ag\u00eancia Brasil<br \/>\nEdi\u00e7\u00e3o: Maria Claudia<br \/>\n18\/05\/2016<\/p>\n","protected":false},"excerpt":{"rendered":"<p>O Indicador Antecedente Composto da Economia (Iace) para o Brasil aumentou 1,2%, em abril, segundo o levantamento feito pelo Instituto Brasileiro de Economia da Funda\u00e7\u00e3o Getulio Vargas (Ibre\/FGV), em conjunto com o The Conference Board (TCB), institui\u00e7\u00e3o norte-americana. Foi a terceira alta seguida ap\u00f3s subir 1,1%, em mar\u00e7o, e 02%, em fevereiro. Seis dos oito [&hellip;]<\/p>\n","protected":false},"author":2,"featured_media":57583,"comment_status":"open","ping_status":"closed","sticky":false,"template":"","format":"standard","meta":{"_genesis_hide_title":false,"_genesis_hide_breadcrumbs":false,"_genesis_hide_singular_image":false,"_genesis_hide_footer_widgets":false,"_genesis_custom_body_class":"","_genesis_custom_post_class":"","_genesis_layout":"","_jetpack_memberships_contains_paid_content":false,"footnotes":""},"categories":[22,7],"tags":[],"class_list":{"0":"post-86476","1":"post","2":"type-post","3":"status-publish","4":"format-standard","5":"has-post-thumbnail","7":"category-brasil","8":"category-economia","9":"entry","10":"gs-1","11":"gs-odd","12":"gs-even","13":"gs-featured-content-entry"},"jetpack_featured_media_url":"https:\/\/www.redenoticia.com.br\/noticia\/imagens\/economia-grafico.jpg","jetpack_sharing_enabled":true,"jetpack_likes_enabled":true,"_links":{"self":[{"href":"https:\/\/www.redenoticia.com.br\/noticia\/wp-json\/wp\/v2\/posts\/86476","targetHints":{"allow":["GET"]}}],"collection":[{"href":"https:\/\/www.redenoticia.com.br\/noticia\/wp-json\/wp\/v2\/posts"}],"about":[{"href":"https:\/\/www.redenoticia.com.br\/noticia\/wp-json\/wp\/v2\/types\/post"}],"author":[{"embeddable":true,"href":"https:\/\/www.redenoticia.com.br\/noticia\/wp-json\/wp\/v2\/users\/2"}],"replies":[{"embeddable":true,"href":"https:\/\/www.redenoticia.com.br\/noticia\/wp-json\/wp\/v2\/comments?post=86476"}],"version-history":[{"count":0,"href":"https:\/\/www.redenoticia.com.br\/noticia\/wp-json\/wp\/v2\/posts\/86476\/revisions"}],"wp:featuredmedia":[{"embeddable":true,"href":"https:\/\/www.redenoticia.com.br\/noticia\/wp-json\/wp\/v2\/media\/57583"}],"wp:attachment":[{"href":"https:\/\/www.redenoticia.com.br\/noticia\/wp-json\/wp\/v2\/media?parent=86476"}],"wp:term":[{"taxonomy":"category","embeddable":true,"href":"https:\/\/www.redenoticia.com.br\/noticia\/wp-json\/wp\/v2\/categories?post=86476"},{"taxonomy":"post_tag","embeddable":true,"href":"https:\/\/www.redenoticia.com.br\/noticia\/wp-json\/wp\/v2\/tags?post=86476"}],"curies":[{"name":"wp","href":"https:\/\/api.w.org\/{rel}","templated":true}]}}