{"id":86474,"date":"2016-05-18T10:12:43","date_gmt":"2016-05-18T13:12:43","guid":{"rendered":"http:\/\/www.redenoticia.com.br\/noticia\/?p=86474"},"modified":"2016-05-17T18:13:46","modified_gmt":"2016-05-17T21:13:46","slug":"emprego-na-construcao-civil-registra-em-marco-queda-de-099","status":"publish","type":"post","link":"https:\/\/www.redenoticia.com.br\/noticia\/2016\/emprego-na-construcao-civil-registra-em-marco-queda-de-099\/86474","title":{"rendered":"Emprego na constru\u00e7\u00e3o civil registra em mar\u00e7o queda de 0,99%"},"content":{"rendered":"<p> Em mar\u00e7o, o <em><strong>n\u00edvel de emprego da constru\u00e7\u00e3o civil<\/strong><\/em> brasileira apresentou queda de -0,99% em rela\u00e7\u00e3o a fevereiro, com o fechamento de 28,5 mil postos de trabalho, considerando os efeitos sazonais [tratamento estat\u00edstico que tem como objetivo retirar efeitos que acontecem de forma t\u00edpica em um mesmo per\u00edodo do ano]. Segundo o Sindicato da Ind\u00fastria da Constru\u00e7\u00e3o Civil do Estado de S\u00e3o Paulo (SindusCon-SP), entre janeiro e mar\u00e7o foram fechadas 55,4 mil vagas.<\/p>\n<p> \u201cHistoricamente, o emprego na ind\u00fastria da constru\u00e7\u00e3o cresce no primeiro trimestre, em fun\u00e7\u00e3o de novas obras. Entretanto, este \u00e9 o segundo ano seguido em que o emprego no setor cai no primeiro trimestre, como resultado da crise\u201d, informou Jos\u00e9 Romeu Ferraz Neto, presidente do SindusCon-SP.<\/p>\n<p>De acordo com o SindusCon-SP, a maior retra\u00e7\u00e3o foi observada no segmento de obras de instala\u00e7\u00e3o (-2,27%), seguido pelo segmento imobili\u00e1rio (-1,41%). Os piores resultados foram observados nas regi\u00f5es Norte (queda de -1,20%) e Nordeste (-1,04%).<\/p>\n<p>Na compara\u00e7\u00e3o com fevereiro, o estado de S\u00e3o Paulo registrou queda de -1,01%, com redu\u00e7\u00e3o de 7.737 vagas.<\/p>\n<p>Elaine Patricia Cruz \u2013 Rep\u00f3rter da Ag\u00eancia Brasil<br \/>\nEdi\u00e7\u00e3o: Armando Cardoso<br \/>\n18\/05\/2016<\/p>\n","protected":false},"excerpt":{"rendered":"<p>Em mar\u00e7o, o n\u00edvel de emprego da constru\u00e7\u00e3o civil brasileira apresentou queda de -0,99% em rela\u00e7\u00e3o a fevereiro, com o fechamento de 28,5 mil postos de trabalho, considerando os efeitos sazonais [tratamento estat\u00edstico que tem como objetivo retirar efeitos que acontecem de forma t\u00edpica em um mesmo per\u00edodo do ano]. Segundo o Sindicato da Ind\u00fastria [&hellip;]<\/p>\n","protected":false},"author":2,"featured_media":57585,"comment_status":"open","ping_status":"closed","sticky":false,"template":"","format":"standard","meta":{"_genesis_hide_title":false,"_genesis_hide_breadcrumbs":false,"_genesis_hide_singular_image":false,"_genesis_hide_footer_widgets":false,"_genesis_custom_body_class":"","_genesis_custom_post_class":"","_genesis_layout":"","_jetpack_memberships_contains_paid_content":false,"footnotes":""},"categories":[22,7],"tags":[],"class_list":{"0":"post-86474","1":"post","2":"type-post","3":"status-publish","4":"format-standard","5":"has-post-thumbnail","7":"category-brasil","8":"category-economia","9":"entry","10":"gs-1","11":"gs-odd","12":"gs-even","13":"gs-featured-content-entry"},"jetpack_featured_media_url":"https:\/\/www.redenoticia.com.br\/noticia\/imagens\/analise-economia.jpg","jetpack_sharing_enabled":true,"jetpack_likes_enabled":true,"_links":{"self":[{"href":"https:\/\/www.redenoticia.com.br\/noticia\/wp-json\/wp\/v2\/posts\/86474","targetHints":{"allow":["GET"]}}],"collection":[{"href":"https:\/\/www.redenoticia.com.br\/noticia\/wp-json\/wp\/v2\/posts"}],"about":[{"href":"https:\/\/www.redenoticia.com.br\/noticia\/wp-json\/wp\/v2\/types\/post"}],"author":[{"embeddable":true,"href":"https:\/\/www.redenoticia.com.br\/noticia\/wp-json\/wp\/v2\/users\/2"}],"replies":[{"embeddable":true,"href":"https:\/\/www.redenoticia.com.br\/noticia\/wp-json\/wp\/v2\/comments?post=86474"}],"version-history":[{"count":0,"href":"https:\/\/www.redenoticia.com.br\/noticia\/wp-json\/wp\/v2\/posts\/86474\/revisions"}],"wp:featuredmedia":[{"embeddable":true,"href":"https:\/\/www.redenoticia.com.br\/noticia\/wp-json\/wp\/v2\/media\/57585"}],"wp:attachment":[{"href":"https:\/\/www.redenoticia.com.br\/noticia\/wp-json\/wp\/v2\/media?parent=86474"}],"wp:term":[{"taxonomy":"category","embeddable":true,"href":"https:\/\/www.redenoticia.com.br\/noticia\/wp-json\/wp\/v2\/categories?post=86474"},{"taxonomy":"post_tag","embeddable":true,"href":"https:\/\/www.redenoticia.com.br\/noticia\/wp-json\/wp\/v2\/tags?post=86474"}],"curies":[{"name":"wp","href":"https:\/\/api.w.org\/{rel}","templated":true}]}}