{"id":86472,"date":"2016-05-18T10:11:32","date_gmt":"2016-05-18T13:11:32","guid":{"rendered":"http:\/\/www.redenoticia.com.br\/noticia\/?p=86472"},"modified":"2016-05-17T18:12:39","modified_gmt":"2016-05-17T21:12:39","slug":"pais-perdeu-mais-de-23-mil-leitos-na-rede-publica-em-cinco-anos-diz-cfm","status":"publish","type":"post","link":"https:\/\/www.redenoticia.com.br\/noticia\/2016\/pais-perdeu-mais-de-23-mil-leitos-na-rede-publica-em-cinco-anos-diz-cfm\/86472","title":{"rendered":"Pa\u00eds perdeu mais de 23 mil leitos na rede p\u00fablica em cinco anos, diz CFM"},"content":{"rendered":"<p> Em cinco anos, o Brasil perdeu 23.565 <em><strong>leitos de interna\u00e7\u00e3o<\/strong><\/em> hospitalar na rede p\u00fablica do pa\u00eds, de acordo com dados divulgados pelo Conselho Federal de Medicina (CFM). Entre dezembro de 2010 e dezembro de 2015, o n\u00famero de leitos para uso exclusivo do Sistema \u00danico de Sa\u00fade (SUS) baixou de 335,5 para 312 mil. Os dados foram levantados pelo conselho, com base no Cadastro Nacional de Estabelecimentos de Sa\u00fade (CNES), do Minist\u00e9rio da Sa\u00fade.<\/p>\n<p>As regi\u00f5es Sudeste e Nordeste foram as que mais perderam leitos no per\u00edodo. Ao contr\u00e1rio do que ocorreu no caso da interna\u00e7\u00e3o, houve alta de 23% nos leitos destinados a Unidade de Terapia Intensiva (UTI), dedicadas a tratamentos mais complexos.<\/p>\n<p>Na regi\u00e3o Sudeste, entre 2010 e 2015, foram fechados 13.086 leitos de interna\u00e7\u00e3o e, no Nordeste, 6.948. Em seguida, est\u00e3o as regi\u00f5es Centro-Oeste (1.825), Sul (1.193) e Norte (513). Dos 27 estados, apenas 8 tiveram aumento nos leitos entre 2010 e 2015, entre eles, o Rio Grande de Sul, Mato Grosso e Rond\u00f4nia.<\/p>\n<p>As especialidades mais afetadas, em escala nacional s\u00e3o a psiquiatria, a pediatria cir\u00fargica, obstetr\u00edcia e cirurgia geral.<\/p>\n<p>O presidente do CFM, Carlos Vital, atribui a redu\u00e7\u00e3o ao financiamento e gest\u00e3o inadequados dos recursos destinados \u00e0 sa\u00fade. \u201cH\u00e1 necessidade de mais or\u00e7amento para a sa\u00fade no Brasil e h\u00e1 que se ter tamb\u00e9m uma compet\u00eancia administrativa para a correta escolha das prioridades e essa compet\u00eancia, se existe nesses \u00faltimos anos, o governo tem escondido muito bem. E um controle e avalia\u00e7\u00e3o eficaz para impedir a alarmante escala da corrup\u00e7\u00e3o que atinge a \u00e1rea da sa\u00fade\u201d, disse.<\/p>\n<p>Pela manh\u00e3, o rec\u00e9m-empossado ministro da Sa\u00fade, Ricardo Barros participou de um evento em Bras\u00edlia e comentou com jornalistas o levantamento que seria divulgado pelo CFM. Segundo Barros, a solu\u00e7\u00e3o passa pelo aprimoramento da gest\u00e3o. &#8220;Existem UPAs fechadas, existem postos de sa\u00fade e unidades b\u00e1sicas de sa\u00fade fechadas, existem ambul\u00e2ncias do Samu paradas, existem equipamentos comprados encaixotados em unidades de sa\u00fade. Esse dinheiro que est\u00e1 mal aplicado e que n\u00e3o alcan\u00e7ou ainda o seu objetivo n\u00f3s vamos priorizar para que n\u00e3o haja uma vis\u00edvel m\u00e1 aplica\u00e7\u00e3o do recurso p\u00fablico\u201d, afirmou.<\/p>\n<p>\u201cTemos que cuidar da gest\u00e3o. Se existem leitos que est\u00e3o prontos, instalados, e n\u00e3o est\u00e3o funcionando porque n\u00e3o se conseguiu a equa\u00e7\u00e3o de equil\u00edbrio de financiamento, \u00e9 isso que estou propondo no minist\u00e9rio: gest\u00e3o, efici\u00eancia, qualidade do servi\u00e7o p\u00fablico. Melhorar a qualidade da gest\u00e3o \u00e9 fundamental. \u00c9 isso que vai poder promover a reativa\u00e7\u00e3o desses leitos que eventualmente estejam paralisados&#8221;, disse.<\/p>\n<p>O levantamento mostra tamb\u00e9m que entre 2010 e 2015 houve aumento de 14% nos leitos de repouso ou de observa\u00e7\u00e3o, que s\u00e3o aqueles com perman\u00eancia de at\u00e9 24 horas no ambiente hospitalar, passando de 81.795 para 93.128.<\/p>\n<p>Leitos de UTI<\/p>\n<p>Em rela\u00e7\u00e3o aos leitos de UTI, eles passaram de 33.425, em 2010, para 40.960, em 2015, somadas as redes p\u00fablica e privada. Desse total, metade est\u00e1 dispon\u00edvel para o SUS, que atende a maior parcela da popula\u00e7\u00e3o. De acordo com o CFM, em 19 dos 27 estados brasileiros o \u00edndice de leitos na UTI por habitante na rede p\u00fablica ainda \u00e9 menor que o recomendado pelo Minist\u00e9rio da Sa\u00fade.<\/p>\n<p>Os dados apurados pelo CFM mostram que dos 5.570 munic\u00edpios brasileiros, apenas 505 t\u00eam leitos de UTI e revelam um desequil\u00edbrio na distribui\u00e7\u00e3o geogr\u00e1fica dos leitos. O Sudeste concentra 54% dos leitos de unidades de terapia intensiva dispon\u00edveis no pa\u00eds. O Norte tem a menor propor\u00e7\u00e3o com apenas 5% de todos os leitos.<\/p>\n<p>Quando observadas as capitais, elas concentram 44% dos leitos de UTI do Sistema \u00danico de Sa\u00fade (SUS) e 57% dos leitos privados no Brasil.<\/p>\n<p>Yara Aquino* \u2013 Rep\u00f3rter da Ag\u00eancia Brasil<br \/>\n*Colaborou Paula Laboissi\u00e9re<\/p>\n<p>Edi\u00e7\u00e3o: Maria Claudia<br \/>\n18\/05\/2016<\/p>\n","protected":false},"excerpt":{"rendered":"<p>Em cinco anos, o Brasil perdeu 23.565 leitos de interna\u00e7\u00e3o hospitalar na rede p\u00fablica do pa\u00eds, de acordo com dados divulgados pelo Conselho Federal de Medicina (CFM). Entre dezembro de 2010 e dezembro de 2015, o n\u00famero de leitos para uso exclusivo do Sistema \u00danico de Sa\u00fade (SUS) baixou de 335,5 para 312 mil. Os [&hellip;]<\/p>\n","protected":false},"author":2,"featured_media":57579,"comment_status":"open","ping_status":"closed","sticky":false,"template":"","format":"standard","meta":{"_genesis_hide_title":false,"_genesis_hide_breadcrumbs":false,"_genesis_hide_singular_image":false,"_genesis_hide_footer_widgets":false,"_genesis_custom_body_class":"","_genesis_custom_post_class":"","_genesis_layout":"","_jetpack_memberships_contains_paid_content":false,"footnotes":""},"categories":[22],"tags":[],"class_list":{"0":"post-86472","1":"post","2":"type-post","3":"status-publish","4":"format-standard","5":"has-post-thumbnail","7":"category-brasil","8":"entry","9":"gs-1","10":"gs-odd","11":"gs-even","12":"gs-featured-content-entry"},"jetpack_featured_media_url":"https:\/\/www.redenoticia.com.br\/noticia\/imagens\/saude3.jpg","jetpack_sharing_enabled":true,"jetpack_likes_enabled":true,"_links":{"self":[{"href":"https:\/\/www.redenoticia.com.br\/noticia\/wp-json\/wp\/v2\/posts\/86472","targetHints":{"allow":["GET"]}}],"collection":[{"href":"https:\/\/www.redenoticia.com.br\/noticia\/wp-json\/wp\/v2\/posts"}],"about":[{"href":"https:\/\/www.redenoticia.com.br\/noticia\/wp-json\/wp\/v2\/types\/post"}],"author":[{"embeddable":true,"href":"https:\/\/www.redenoticia.com.br\/noticia\/wp-json\/wp\/v2\/users\/2"}],"replies":[{"embeddable":true,"href":"https:\/\/www.redenoticia.com.br\/noticia\/wp-json\/wp\/v2\/comments?post=86472"}],"version-history":[{"count":0,"href":"https:\/\/www.redenoticia.com.br\/noticia\/wp-json\/wp\/v2\/posts\/86472\/revisions"}],"wp:featuredmedia":[{"embeddable":true,"href":"https:\/\/www.redenoticia.com.br\/noticia\/wp-json\/wp\/v2\/media\/57579"}],"wp:attachment":[{"href":"https:\/\/www.redenoticia.com.br\/noticia\/wp-json\/wp\/v2\/media?parent=86472"}],"wp:term":[{"taxonomy":"category","embeddable":true,"href":"https:\/\/www.redenoticia.com.br\/noticia\/wp-json\/wp\/v2\/categories?post=86472"},{"taxonomy":"post_tag","embeddable":true,"href":"https:\/\/www.redenoticia.com.br\/noticia\/wp-json\/wp\/v2\/tags?post=86472"}],"curies":[{"name":"wp","href":"https:\/\/api.w.org\/{rel}","templated":true}]}}