{"id":86398,"date":"2016-05-17T10:51:12","date_gmt":"2016-05-17T13:51:12","guid":{"rendered":"http:\/\/www.redenoticia.com.br\/noticia\/?p=86398"},"modified":"2016-05-16T17:52:27","modified_gmt":"2016-05-16T20:52:27","slug":"mercado-financeiro-projeta-queda-da-economia-em-388","status":"publish","type":"post","link":"https:\/\/www.redenoticia.com.br\/noticia\/2016\/mercado-financeiro-projeta-queda-da-economia-em-388\/86398","title":{"rendered":"Mercado financeiro projeta queda da economia em 3,88%"},"content":{"rendered":"<p> A estimativa de institui\u00e7\u00f5es financeiras para o encolhimento da economia, este ano, foi levemente ajustada. A proje\u00e7\u00e3o para a queda do <strong><em>Produto Interno Bruto<\/em><\/strong> (PIB), soma de todos os bens e servi\u00e7os produzidos no pa\u00eds, foi alterada de 3,86% para 3,88%. Para 2017, a estimativa de crescimento foi mantida em 0,50%. As proje\u00e7\u00f5es fazem parte de pesquisa feita todas as semanas pelo Banco Central (BC) a institui\u00e7\u00f5es financeiras.<\/p>\n<p>A proje\u00e7\u00e3o de institui\u00e7\u00f5es financeiras para a infla\u00e7\u00e3o, medida pelo \u00cdndice Nacional de Pre\u00e7os ao Consumidor Amplo (IPCA), este ano, foi mantida em 7%. Para 2017, a proje\u00e7\u00e3o foi reduzida de 5,62% para 5,50%, no sexto ajuste consecutivo.<\/p>\n<p>As estimativas est\u00e3o acima do centro da meta de 4,5%. O limite superior da meta de infla\u00e7\u00e3o \u00e9 6,5%, este ano e 6%, em 2017. \u00c9 fun\u00e7\u00e3o do Banco Centra fazer com que a infla\u00e7\u00e3o fique dentro da meta. Um dos instrumentos usados para influenciar a atividade econ\u00f4mica e, consequentemente, a infla\u00e7\u00e3o, \u00e9 a taxa b\u00e1sica de juros, a Selic.<\/p>\n<p>Infla\u00e7\u00e3o<\/p>\n<p>Quando o Comit\u00ea de Pol\u00edtica Monet\u00e1ria do Banco Central aumenta a Selic, o objetivo \u00e9 conter a demanda aquecida, e isso gera reflexos nos pre\u00e7os, porque os juros mais altos encarecem o cr\u00e9dito e estimulam a poupan\u00e7a. J\u00e1 quando o Copom reduz os juros b\u00e1sicos, a tend\u00eancia \u00e9 que o cr\u00e9dito fique mais barato, com incentivo \u00e0 produ\u00e7\u00e3o e ao consumo, mas a medida alivia o controle sobre a infla\u00e7\u00e3o.<\/p>\n<p>O BC tem que encontrar equil\u00edbrio ao tomar decis\u00f5es sobre a taxa b\u00e1sica de juros, de modo a fazer com que a infla\u00e7\u00e3o fique dentro da meta estabelecida pelo Conselho Monet\u00e1rio Nacional.<\/p>\n<p>A proje\u00e7\u00e3o das institui\u00e7\u00f5es financeiras para a Selic, ao final de 2016, foi mantida em 13% ao ano. Para o fim de 2017, a expectativa passou de 11,75% para 11,50% ao ano. Atualmente, a Selic est\u00e1 em 14,25% ao ano.<\/p>\n<p>A pesquisa semanal do BC tamb\u00e9m traz a mediana das expectativas para a infla\u00e7\u00e3o medida \u00cdndice Geral de Pre\u00e7os \u2013 Disponibilidade Interna (IGP-DI), que passou de 7,03% para 7,10%, em 2016. Para o \u00cdndice Geral de Pre\u00e7os &#8211; Mercado (IGP-M), a estimativa foi ajustada 7,35% para 7,34%, este ano.<\/p>\n<p>A estimativa da infla\u00e7\u00e3o medida pelo \u00cdndice de Pre\u00e7os ao Consumidor da Funda\u00e7\u00e3o Instituto de Pesquisas Econ\u00f4micas (IPC-Fipe) passou de 7,04% para 7,14%, em 2016. A proje\u00e7\u00e3o para a cota\u00e7\u00e3o do d\u00f3lar segue em R$ 3,70, ao fim deste ano, e em R$ 3,90, no fim de 2017.<\/p>\n<p>Kelly Oliveira &#8211; Rep\u00f3rter da Ag\u00eancia Brasil<br \/>\nEdi\u00e7\u00e3o: Kleber Sampaio<br \/>\n17\/05\/2016<\/p>\n","protected":false},"excerpt":{"rendered":"<p>A estimativa de institui\u00e7\u00f5es financeiras para o encolhimento da economia, este ano, foi levemente ajustada. A proje\u00e7\u00e3o para a queda do Produto Interno Bruto (PIB), soma de todos os bens e servi\u00e7os produzidos no pa\u00eds, foi alterada de 3,86% para 3,88%. Para 2017, a estimativa de crescimento foi mantida em 0,50%. As proje\u00e7\u00f5es fazem parte [&hellip;]<\/p>\n","protected":false},"author":2,"featured_media":38938,"comment_status":"open","ping_status":"closed","sticky":false,"template":"","format":"standard","meta":{"_genesis_hide_title":false,"_genesis_hide_breadcrumbs":false,"_genesis_hide_singular_image":false,"_genesis_hide_footer_widgets":false,"_genesis_custom_body_class":"","_genesis_custom_post_class":"","_genesis_layout":"","_jetpack_memberships_contains_paid_content":false,"footnotes":""},"categories":[22,7],"tags":[],"class_list":{"0":"post-86398","1":"post","2":"type-post","3":"status-publish","4":"format-standard","5":"has-post-thumbnail","7":"category-brasil","8":"category-economia","9":"entry","10":"gs-1","11":"gs-odd","12":"gs-even","13":"gs-featured-content-entry"},"jetpack_featured_media_url":"https:\/\/www.redenoticia.com.br\/noticia\/imagens\/economia1.jpg","jetpack_sharing_enabled":true,"jetpack_likes_enabled":true,"_links":{"self":[{"href":"https:\/\/www.redenoticia.com.br\/noticia\/wp-json\/wp\/v2\/posts\/86398","targetHints":{"allow":["GET"]}}],"collection":[{"href":"https:\/\/www.redenoticia.com.br\/noticia\/wp-json\/wp\/v2\/posts"}],"about":[{"href":"https:\/\/www.redenoticia.com.br\/noticia\/wp-json\/wp\/v2\/types\/post"}],"author":[{"embeddable":true,"href":"https:\/\/www.redenoticia.com.br\/noticia\/wp-json\/wp\/v2\/users\/2"}],"replies":[{"embeddable":true,"href":"https:\/\/www.redenoticia.com.br\/noticia\/wp-json\/wp\/v2\/comments?post=86398"}],"version-history":[{"count":0,"href":"https:\/\/www.redenoticia.com.br\/noticia\/wp-json\/wp\/v2\/posts\/86398\/revisions"}],"wp:featuredmedia":[{"embeddable":true,"href":"https:\/\/www.redenoticia.com.br\/noticia\/wp-json\/wp\/v2\/media\/38938"}],"wp:attachment":[{"href":"https:\/\/www.redenoticia.com.br\/noticia\/wp-json\/wp\/v2\/media?parent=86398"}],"wp:term":[{"taxonomy":"category","embeddable":true,"href":"https:\/\/www.redenoticia.com.br\/noticia\/wp-json\/wp\/v2\/categories?post=86398"},{"taxonomy":"post_tag","embeddable":true,"href":"https:\/\/www.redenoticia.com.br\/noticia\/wp-json\/wp\/v2\/tags?post=86398"}],"curies":[{"name":"wp","href":"https:\/\/api.w.org\/{rel}","templated":true}]}}