{"id":86396,"date":"2016-05-17T10:49:55","date_gmt":"2016-05-17T13:49:55","guid":{"rendered":"http:\/\/www.redenoticia.com.br\/noticia\/?p=86396"},"modified":"2016-05-16T17:51:01","modified_gmt":"2016-05-16T20:51:01","slug":"igp-10-avanca-para-060-em-maio-diz-fgv","status":"publish","type":"post","link":"https:\/\/www.redenoticia.com.br\/noticia\/2016\/igp-10-avanca-para-060-em-maio-diz-fgv\/86396","title":{"rendered":"IGP-10 avan\u00e7a para 0,60% em maio, diz FGV"},"content":{"rendered":"<p> O \u00cdndice Geral de Pre\u00e7os- 10 (IGP-10) registrou <strong><em>infla\u00e7\u00e3o<\/em><\/strong> de 0,60% em maio deste ano. A taxa \u00e9 maior que as de abril deste ano (0,40%) e de maio de 2015 (0,52%). O IGP-10 acumula 3,85% no ano e 10,91% no per\u00edodo de 12 meses, segundo a Funda\u00e7\u00e3o Getulio Vargas (FGV).<\/p>\n<p>O crescimento da taxa na passagem de abril para maio foi puxado pelos pre\u00e7os no atacado e no varejo. O \u00cdndice de Pre\u00e7os ao Produtor Amplo, que analisa o atacado, subiu de 0,35% em abril para 0,64% em maio. J\u00e1 o \u00cdndice de Pre\u00e7os ao Consumidor, que analisa o varejo, cresceu de 0,43% em abril para 0,60% em maio.<\/p>\n<p>Por outro lado, o \u00cdndice Nacional de Custo da Constru\u00e7\u00e3o caiu de 0,67% em abril para 0,33% em maio. O IGP-10 \u00e9 calculado com base nos pre\u00e7os coletados entre os dias 11 do m\u00eas anterior e 10 do m\u00eas de refer\u00eancia.<\/p>\n<p>Vitor Abdala \u2013 Rep\u00f3rter da Ag\u00eancia Brasil<br \/>\nEdi\u00e7\u00e3o: Kleber Sampaio<br \/>\n17\/05\/2016<br \/>\n&#8212;<br \/>\nA Empresa Brasil de Comunica\u00e7\u00e3o \u00e9 uma institui\u00e7\u00e3o da democracia brasileira: p\u00fablica, inclusiva e cidad\u00e3. Criada em 2007 para fortalecer o sistema p\u00fablico de comunica\u00e7\u00e3o, \u00e9 gestora dos canais TV Brasil, TV Brasil Internacional, Ag\u00eancia Brasil, Radioag\u00eancia Nacional e do sistema p\u00fablico de R\u00e1dio \u2013 composto por oito emissoras. Estes, por sua independ\u00eancia editorial, distinguem-se dos canais estatais ou governamentais, com conte\u00fados diferenciados e complementares aos canais privados. Os ve\u00edculos da EBC t\u00eam autonomia para definir produ\u00e7\u00e3o, programa\u00e7\u00e3o e distribui\u00e7\u00e3o de conte\u00fados.<\/p>\n","protected":false},"excerpt":{"rendered":"<p>O \u00cdndice Geral de Pre\u00e7os- 10 (IGP-10) registrou infla\u00e7\u00e3o de 0,60% em maio deste ano. A taxa \u00e9 maior que as de abril deste ano (0,40%) e de maio de 2015 (0,52%). O IGP-10 acumula 3,85% no ano e 10,91% no per\u00edodo de 12 meses, segundo a Funda\u00e7\u00e3o Getulio Vargas (FGV). O crescimento da taxa [&hellip;]<\/p>\n","protected":false},"author":2,"featured_media":57583,"comment_status":"open","ping_status":"closed","sticky":false,"template":"","format":"standard","meta":{"_genesis_hide_title":false,"_genesis_hide_breadcrumbs":false,"_genesis_hide_singular_image":false,"_genesis_hide_footer_widgets":false,"_genesis_custom_body_class":"","_genesis_custom_post_class":"","_genesis_layout":"","_jetpack_memberships_contains_paid_content":false,"footnotes":""},"categories":[22,7],"tags":[],"class_list":{"0":"post-86396","1":"post","2":"type-post","3":"status-publish","4":"format-standard","5":"has-post-thumbnail","7":"category-brasil","8":"category-economia","9":"entry","10":"gs-1","11":"gs-odd","12":"gs-even","13":"gs-featured-content-entry"},"jetpack_featured_media_url":"https:\/\/www.redenoticia.com.br\/noticia\/imagens\/economia-grafico.jpg","jetpack_sharing_enabled":true,"jetpack_likes_enabled":true,"_links":{"self":[{"href":"https:\/\/www.redenoticia.com.br\/noticia\/wp-json\/wp\/v2\/posts\/86396","targetHints":{"allow":["GET"]}}],"collection":[{"href":"https:\/\/www.redenoticia.com.br\/noticia\/wp-json\/wp\/v2\/posts"}],"about":[{"href":"https:\/\/www.redenoticia.com.br\/noticia\/wp-json\/wp\/v2\/types\/post"}],"author":[{"embeddable":true,"href":"https:\/\/www.redenoticia.com.br\/noticia\/wp-json\/wp\/v2\/users\/2"}],"replies":[{"embeddable":true,"href":"https:\/\/www.redenoticia.com.br\/noticia\/wp-json\/wp\/v2\/comments?post=86396"}],"version-history":[{"count":0,"href":"https:\/\/www.redenoticia.com.br\/noticia\/wp-json\/wp\/v2\/posts\/86396\/revisions"}],"wp:featuredmedia":[{"embeddable":true,"href":"https:\/\/www.redenoticia.com.br\/noticia\/wp-json\/wp\/v2\/media\/57583"}],"wp:attachment":[{"href":"https:\/\/www.redenoticia.com.br\/noticia\/wp-json\/wp\/v2\/media?parent=86396"}],"wp:term":[{"taxonomy":"category","embeddable":true,"href":"https:\/\/www.redenoticia.com.br\/noticia\/wp-json\/wp\/v2\/categories?post=86396"},{"taxonomy":"post_tag","embeddable":true,"href":"https:\/\/www.redenoticia.com.br\/noticia\/wp-json\/wp\/v2\/tags?post=86396"}],"curies":[{"name":"wp","href":"https:\/\/api.w.org\/{rel}","templated":true}]}}