{"id":86394,"date":"2016-05-17T10:48:37","date_gmt":"2016-05-17T13:48:37","guid":{"rendered":"http:\/\/www.redenoticia.com.br\/noticia\/?p=86394"},"modified":"2016-05-16T17:49:52","modified_gmt":"2016-05-16T20:49:52","slug":"inflacao-tem-nova-alta","status":"publish","type":"post","link":"https:\/\/www.redenoticia.com.br\/noticia\/2016\/inflacao-tem-nova-alta\/86394","title":{"rendered":"Infla\u00e7\u00e3o tem nova alta"},"content":{"rendered":"<p> O \u00cdndice de Pre\u00e7os ao Consumidor Semanal (<strong><em>IPC-S<\/em><\/strong>) alcan\u00e7ou 0,67%, na segunda pr\u00e9via de maio. A taxa \u00e9 0,03 ponto percentual superior se comparada com a \u00faltima pesquisa, quando a varia\u00e7\u00e3o atingiu 0,64%, por\u00e9m, o ritmo de corre\u00e7\u00f5es ficou abaixo da primeira pr\u00e9via quando houve eleva\u00e7\u00e3o de 0,15 ponto percentual sobre o resultado do fechamento de abril (0,49%).<\/p>\n<p>O levantamento \u00e9 feito pelo Instituto Brasileiro de Economia, da Funda\u00e7\u00e3o Getulio Vargas (Ibre\/FGV), e se refere a Recife, Salvador, Rio de Janeiro, S\u00e3o Paulo, Belo Horizonte, Bras\u00edlia e Porto Alegre. A coleta de pre\u00e7os ocorreu entre 7 e 15 de maio, comparando-se aos 30 dias imediatamente anteriores.<\/p>\n<p>Tr\u00eas dos oito grupos pesquisados tiveram acr\u00e9scimo com destaque para habita\u00e7\u00e3o (de -0,14% para 0,16%) que apresentou essa alta sob o impacto da conta de luz (de -2,31% para -0,63%). Em despesas diversas, a taxa subiu de 1,01% para 1,81%, puxada pelo reajuste dos cigarros (de 2,23% para 4,38%) e, no grupo comunica\u00e7\u00e3o, de 0,21% para 0,26%, com efeito do avan\u00e7o de pre\u00e7os na mensalidade dos servi\u00e7os de internet (de 0,73% para 1,49%).<\/p>\n<p>Em compensa\u00e7\u00e3o, os pre\u00e7os na m\u00e9dia ca\u00edram em transportes (de 0,20% para -0,05%) e em educa\u00e7\u00e3o, leitura e recrea\u00e7\u00e3o (-0,05% para -0,16%). Al\u00e9m disso, diminui a velocidade de corre\u00e7\u00e3o nos grupos: alimenta\u00e7\u00e3o (de 0,96% para 0,92%); vestu\u00e1rio (de 0,91% para 0,82%) e sa\u00fade e cuidados pessoais (de 2,63% para 2,57%) .<\/p>\n<p>Marli Moreira &#8211; Rep\u00f3rter da Ag\u00eancia Brasil<br \/>\nEdi\u00e7\u00e3o: Kleber Sampaio<br \/>\n17\/05\/2016<\/p>\n","protected":false},"excerpt":{"rendered":"<p>O \u00cdndice de Pre\u00e7os ao Consumidor Semanal (IPC-S) alcan\u00e7ou 0,67%, na segunda pr\u00e9via de maio. A taxa \u00e9 0,03 ponto percentual superior se comparada com a \u00faltima pesquisa, quando a varia\u00e7\u00e3o atingiu 0,64%, por\u00e9m, o ritmo de corre\u00e7\u00f5es ficou abaixo da primeira pr\u00e9via quando houve eleva\u00e7\u00e3o de 0,15 ponto percentual sobre o resultado do fechamento [&hellip;]<\/p>\n","protected":false},"author":2,"featured_media":57584,"comment_status":"open","ping_status":"closed","sticky":false,"template":"","format":"standard","meta":{"_genesis_hide_title":false,"_genesis_hide_breadcrumbs":false,"_genesis_hide_singular_image":false,"_genesis_hide_footer_widgets":false,"_genesis_custom_body_class":"","_genesis_custom_post_class":"","_genesis_layout":"","_jetpack_memberships_contains_paid_content":false,"footnotes":""},"categories":[22,7],"tags":[],"class_list":{"0":"post-86394","1":"post","2":"type-post","3":"status-publish","4":"format-standard","5":"has-post-thumbnail","7":"category-brasil","8":"category-economia","9":"entry","10":"gs-1","11":"gs-odd","12":"gs-even","13":"gs-featured-content-entry"},"jetpack_featured_media_url":"https:\/\/www.redenoticia.com.br\/noticia\/imagens\/economia-grafica-analise-inflacao.jpg","jetpack_sharing_enabled":true,"jetpack_likes_enabled":true,"_links":{"self":[{"href":"https:\/\/www.redenoticia.com.br\/noticia\/wp-json\/wp\/v2\/posts\/86394","targetHints":{"allow":["GET"]}}],"collection":[{"href":"https:\/\/www.redenoticia.com.br\/noticia\/wp-json\/wp\/v2\/posts"}],"about":[{"href":"https:\/\/www.redenoticia.com.br\/noticia\/wp-json\/wp\/v2\/types\/post"}],"author":[{"embeddable":true,"href":"https:\/\/www.redenoticia.com.br\/noticia\/wp-json\/wp\/v2\/users\/2"}],"replies":[{"embeddable":true,"href":"https:\/\/www.redenoticia.com.br\/noticia\/wp-json\/wp\/v2\/comments?post=86394"}],"version-history":[{"count":0,"href":"https:\/\/www.redenoticia.com.br\/noticia\/wp-json\/wp\/v2\/posts\/86394\/revisions"}],"wp:featuredmedia":[{"embeddable":true,"href":"https:\/\/www.redenoticia.com.br\/noticia\/wp-json\/wp\/v2\/media\/57584"}],"wp:attachment":[{"href":"https:\/\/www.redenoticia.com.br\/noticia\/wp-json\/wp\/v2\/media?parent=86394"}],"wp:term":[{"taxonomy":"category","embeddable":true,"href":"https:\/\/www.redenoticia.com.br\/noticia\/wp-json\/wp\/v2\/categories?post=86394"},{"taxonomy":"post_tag","embeddable":true,"href":"https:\/\/www.redenoticia.com.br\/noticia\/wp-json\/wp\/v2\/tags?post=86394"}],"curies":[{"name":"wp","href":"https:\/\/api.w.org\/{rel}","templated":true}]}}