{"id":86388,"date":"2016-05-17T10:43:21","date_gmt":"2016-05-17T13:43:21","guid":{"rendered":"http:\/\/www.redenoticia.com.br\/noticia\/?p=86388"},"modified":"2016-05-16T17:46:08","modified_gmt":"2016-05-16T20:46:08","slug":"plataforma-online-ajuda-homossexuais-a-encontrarem-um-lar","status":"publish","type":"post","link":"https:\/\/www.redenoticia.com.br\/noticia\/2016\/plataforma-online-ajuda-homossexuais-a-encontrarem-um-lar\/86388","title":{"rendered":"Plataforma online ajuda homossexuais a encontrarem um lar"},"content":{"rendered":"<p> A ideia surgiu em uma competi\u00e7\u00e3o. Grupos de estudantes precisavam montar uma startup (ideia inicial de neg\u00f3cio que pode vir a gerar lucro) em 54 horas. \u201cAlguns dos integrantes passaram pela situa\u00e7\u00e3o de querer ajudar uma pessoa que havia sido expulsa de casa por conta de ser LGBT [sigla para L\u00e9sbica, Gay, Bissexual, Travesti e Transexual]. E na competi\u00e7\u00e3o aconteceu que este integrante pensou em conectar os dois lados\u201d, conta Wallace Soares, desenvolvedor da plataforma online. Dispon\u00edvel no Facebook e com site em fase de testes, o<em><strong><\/strong><\/em>\u00a0deve ser inspirado num projeto de hospedagem solid\u00e1ria. \u201cNo geral, funcionar\u00e1 mais ou menos como o Couchsurfing [surfando no sof\u00e1, em portugu\u00eas]\u201d, compara B\u00e1rbara Lapa, respons\u00e1vel pela \u00e1rea de neg\u00f3cios da startup, ao mencionar um site em que as pessoas oferecem hospedagem de gra\u00e7a e podem usufruir da mesma hospitalidade.<\/p>\n<p>Por enquanto, o projeto est\u00e1 pr\u00e9-cadastrando pessoas interessadas em fornecer abrigo. J\u00e1 s\u00e3o 15 candidatos. \u00c9 preciso informar dados pessoais e o tempo dispon\u00edvel para acolhimento. Mas v\u00e1rios detalhes ainda precisam ser determinados, principalmente quest\u00f5es de seguran\u00e7a, para assegurar que nenhum dos dois lados possa se aproveitar da plataforma de m\u00e1-f\u00e9. \u201cA pessoa vai poder conversar com a outra antes e decidir se pode confiar\u201d, diz B\u00e1rbara.<\/p>\n<p>Nesta primeira fase, o Mona Migs \u00e9 voltado somente para Pernambuco, mas os estudantes pretendem expandir a ideia. Por enquanto, al\u00e9m de formatar o projeto jur\u00eddica e administrativamente, a busca \u00e9 por financiamento. Segundo os idealizadores, algumas organiza\u00e7\u00f5es n\u00e3o governamentais j\u00e1 est\u00e3o interessadas em fazer parcerias.<\/p>\n<p>Pesquisas<\/p>\n<p>Para verificar se havia, de fato, demanda para o servi\u00e7o, os criadores do Mona Migs fizeram pesquisas pela internet e em pontos do Recife que re\u00fanem p\u00fablico LGBT. Foram mais de 500 respostas online. Eles identificaram que 75% dos homossexuais tinham medo de ser expulsos de casa e 60% disseram conhecer algu\u00e9m que j\u00e1 ficou sem abrigo. Por outro lado, 55% dos consultados afirmaram que acolheriam uma pessoa LGBT em situa\u00e7\u00e3o urgente.<\/p>\n<p>Sumaia Villela \u2013 Rep\u00f3rter da Ag\u00eancia da Brasil<br \/>\nEdi\u00e7\u00e3o: Talita Cavalcante<br \/>\n17\/05\/2016<\/p>\n","protected":false},"excerpt":{"rendered":"<p>A ideia surgiu em uma competi\u00e7\u00e3o. Grupos de estudantes precisavam montar uma startup (ideia inicial de neg\u00f3cio que pode vir a gerar lucro) em 54 horas. \u201cAlguns dos integrantes passaram pela situa\u00e7\u00e3o de querer ajudar uma pessoa que havia sido expulsa de casa por conta de ser LGBT [sigla para L\u00e9sbica, Gay, Bissexual, Travesti e [&hellip;]<\/p>\n","protected":false},"author":2,"featured_media":57577,"comment_status":"open","ping_status":"closed","sticky":false,"template":"","format":"standard","meta":{"_genesis_hide_title":false,"_genesis_hide_breadcrumbs":false,"_genesis_hide_singular_image":false,"_genesis_hide_footer_widgets":false,"_genesis_custom_body_class":"","_genesis_custom_post_class":"","_genesis_layout":"","_jetpack_memberships_contains_paid_content":false,"footnotes":""},"categories":[22],"tags":[],"class_list":{"0":"post-86388","1":"post","2":"type-post","3":"status-publish","4":"format-standard","5":"has-post-thumbnail","7":"category-brasil","8":"entry","9":"gs-1","10":"gs-odd","11":"gs-even","12":"gs-featured-content-entry"},"jetpack_featured_media_url":"https:\/\/www.redenoticia.com.br\/noticia\/imagens\/tecnologia-inscricao.jpg","jetpack_sharing_enabled":true,"jetpack_likes_enabled":true,"_links":{"self":[{"href":"https:\/\/www.redenoticia.com.br\/noticia\/wp-json\/wp\/v2\/posts\/86388","targetHints":{"allow":["GET"]}}],"collection":[{"href":"https:\/\/www.redenoticia.com.br\/noticia\/wp-json\/wp\/v2\/posts"}],"about":[{"href":"https:\/\/www.redenoticia.com.br\/noticia\/wp-json\/wp\/v2\/types\/post"}],"author":[{"embeddable":true,"href":"https:\/\/www.redenoticia.com.br\/noticia\/wp-json\/wp\/v2\/users\/2"}],"replies":[{"embeddable":true,"href":"https:\/\/www.redenoticia.com.br\/noticia\/wp-json\/wp\/v2\/comments?post=86388"}],"version-history":[{"count":0,"href":"https:\/\/www.redenoticia.com.br\/noticia\/wp-json\/wp\/v2\/posts\/86388\/revisions"}],"wp:featuredmedia":[{"embeddable":true,"href":"https:\/\/www.redenoticia.com.br\/noticia\/wp-json\/wp\/v2\/media\/57577"}],"wp:attachment":[{"href":"https:\/\/www.redenoticia.com.br\/noticia\/wp-json\/wp\/v2\/media?parent=86388"}],"wp:term":[{"taxonomy":"category","embeddable":true,"href":"https:\/\/www.redenoticia.com.br\/noticia\/wp-json\/wp\/v2\/categories?post=86388"},{"taxonomy":"post_tag","embeddable":true,"href":"https:\/\/www.redenoticia.com.br\/noticia\/wp-json\/wp\/v2\/tags?post=86388"}],"curies":[{"name":"wp","href":"https:\/\/api.w.org\/{rel}","templated":true}]}}