{"id":86261,"date":"2016-05-16T10:44:22","date_gmt":"2016-05-16T13:44:22","guid":{"rendered":"http:\/\/www.redenoticia.com.br\/noticia\/?p=86261"},"modified":"2016-05-13T18:44:12","modified_gmt":"2016-05-13T21:44:12","slug":"unesp-lanca-15-livros-digitais-gratuitos","status":"publish","type":"post","link":"https:\/\/www.redenoticia.com.br\/noticia\/2016\/unesp-lanca-15-livros-digitais-gratuitos\/86261","title":{"rendered":"Unesp lan\u00e7a 15 livros digitais gratuitos"},"content":{"rendered":"<p>A Editora Unesp disponibilizou 15 novos <strong><em>livros digitais<\/em><\/strong> para baixar gratuitamente. Os livros s\u00e3o das \u00e1reas de Humanas, Exatas e Biol\u00f3gicas. O conte\u00fado, dispon\u00edvel para todas as pessoas, pode ser acessado\u00a0.<\/p>\n<p>A a\u00e7\u00e3o \u00e9 resultado do Programa de Edi\u00e7\u00e3o de Textos de Docentes da Unesp em parceria com a Pr\u00f3-Reitoria de P\u00f3s-Gradua\u00e7\u00e3o da Unesp. As inscri\u00e7\u00f5es para a edi\u00e7\u00e3o 2016 do Programa de Edi\u00e7\u00e3o de Textos de Docentes da Unesp est\u00e3o abertas at\u00e9 31 de agosto e podem ser feitas clicando .<\/p>\n<p>Confira os t\u00edtulos dispon\u00edveis:<\/p>\n<p>&#8211; A m\u00fasica da fala dos trovadores: desvendando a pros\u00f3dia medieval, de Gladis Massini-Cagliari (Letras \/ Lingu\u00edstica)<\/p>\n<p>&#8211; A pol\u00edtica externa brasileira e a integra\u00e7\u00e3o regional: uma an\u00e1lise a partir do Mercosul, de Marcelo Pasini Mariano (Pol\u00edtica)<\/p>\n<p>&#8211; A rela\u00e7\u00e3o entre o Estado e os sindicatos sob uma perspectiva territorial, de Marcelo Pasini Mariano (Pol\u00edtica)<\/p>\n<p>&#8211; ArteCi\u00eanciaArte, de Rosangella Leote (Artes)<\/p>\n<p>&#8211; Baixada Santista: uma contribui\u00e7\u00e3o \u00e0 an\u00e1lise geoambiental, organizado por Cenira &#8211; Maria Lupinacci da Cunha e Regina C\u00e9lia de Oliveira (Geografia)<\/p>\n<p>&#8211; Chauvinismo e extrema direita: cr\u00edtica aos herdeiros do sigma, de Jefferson Rodrigues Barbosa (Pol\u00edtica)<\/p>\n<p>&#8211; Ciranda de sons: pr\u00e1ticas criativas em Educa\u00e7\u00e3o Musical, de Marisa Trench de Oliveira Fonterrada (M\u00fasica)<\/p>\n<p>&#8211; Dimens\u00f5es da cultura e da sociabilidade: os festejos carnavalescos da cidade de S\u00e3o Paulo (1940-1964), de Z\u00e9lia Lopes Silvia (Hist\u00f3ria Geral)<\/p>\n<p>&#8211; Em torno de Hilda Hilst, organizado por Nilze Maria de Azeredo Reguera e Susanna Busato (Letras \/ Lingu\u00edstica)<\/p>\n<p>&#8211; Inicia\u00e7\u00e3o cient\u00edfica: aspectos hist\u00f3ricos, organizacionais e formativos da atividade do ensino superior brasileiro, organizado por Luciana Massi e Salete Linhares Queiroz (Educa\u00e7\u00e3o)<\/p>\n<p>&#8211; Luciano Berio: legado e atualidade, de Flo Menezes (M\u00fasica)<\/p>\n<p>&#8211; O novo mapa da ind\u00fastria no in\u00edcio do s\u00e9culo XXI: diferentes paradigmas para leitura das din\u00e2micas territoriais do Estado de S\u00e3o Paulo, organizado por Eliseu Sav\u00e9rio Sposito (Geografia)<\/p>\n<p>&#8211; O romance policial m\u00edstico-religioso: um subg\u00eanero de sucesso, de Fernanda Massi (Letras \/ Lingu\u00edstica)<\/p>\n<p>&#8211; Tradu\u00e7\u00e3o &amp; Perspectivas te\u00f3ricas e pr\u00e1ticas, organizado por Lauro Maia Amorim, Cristina Carneiro Rodrigues e \u00c9rika Nogueira de Andrade Stupiello (Letras \/ Lingu\u00edstica)<\/p>\n<p>&#8211; Wittgenstein e a quest\u00e3o da harmonia entre pensamento e realidade, de Antonio Ianni Segatto (Filosofia)<\/p>\n<p>Do Portal do Governo do Estado SP<\/p>\n","protected":false},"excerpt":{"rendered":"<p>A Editora Unesp disponibilizou 15 novos livros digitais para baixar gratuitamente. Os livros s\u00e3o das \u00e1reas de Humanas, Exatas e Biol\u00f3gicas. O conte\u00fado, dispon\u00edvel para todas as pessoas, pode ser acessado\u00a0. A a\u00e7\u00e3o \u00e9 resultado do Programa de Edi\u00e7\u00e3o de Textos de Docentes da Unesp em parceria com a Pr\u00f3-Reitoria de P\u00f3s-Gradua\u00e7\u00e3o da Unesp. As [&hellip;]<\/p>\n","protected":false},"author":2,"featured_media":37419,"comment_status":"open","ping_status":"closed","sticky":false,"template":"","format":"standard","meta":{"_genesis_hide_title":false,"_genesis_hide_breadcrumbs":false,"_genesis_hide_singular_image":false,"_genesis_hide_footer_widgets":false,"_genesis_custom_body_class":"","_genesis_custom_post_class":"","_genesis_layout":"","_jetpack_memberships_contains_paid_content":false,"footnotes":""},"categories":[22],"tags":[],"class_list":{"0":"post-86261","1":"post","2":"type-post","3":"status-publish","4":"format-standard","5":"has-post-thumbnail","7":"category-brasil","8":"entry","9":"gs-1","10":"gs-odd","11":"gs-even","12":"gs-featured-content-entry"},"jetpack_featured_media_url":"https:\/\/www.redenoticia.com.br\/noticia\/imagens\/computador-tecnologia.jpg","jetpack_sharing_enabled":true,"jetpack_likes_enabled":true,"_links":{"self":[{"href":"https:\/\/www.redenoticia.com.br\/noticia\/wp-json\/wp\/v2\/posts\/86261","targetHints":{"allow":["GET"]}}],"collection":[{"href":"https:\/\/www.redenoticia.com.br\/noticia\/wp-json\/wp\/v2\/posts"}],"about":[{"href":"https:\/\/www.redenoticia.com.br\/noticia\/wp-json\/wp\/v2\/types\/post"}],"author":[{"embeddable":true,"href":"https:\/\/www.redenoticia.com.br\/noticia\/wp-json\/wp\/v2\/users\/2"}],"replies":[{"embeddable":true,"href":"https:\/\/www.redenoticia.com.br\/noticia\/wp-json\/wp\/v2\/comments?post=86261"}],"version-history":[{"count":0,"href":"https:\/\/www.redenoticia.com.br\/noticia\/wp-json\/wp\/v2\/posts\/86261\/revisions"}],"wp:featuredmedia":[{"embeddable":true,"href":"https:\/\/www.redenoticia.com.br\/noticia\/wp-json\/wp\/v2\/media\/37419"}],"wp:attachment":[{"href":"https:\/\/www.redenoticia.com.br\/noticia\/wp-json\/wp\/v2\/media?parent=86261"}],"wp:term":[{"taxonomy":"category","embeddable":true,"href":"https:\/\/www.redenoticia.com.br\/noticia\/wp-json\/wp\/v2\/categories?post=86261"},{"taxonomy":"post_tag","embeddable":true,"href":"https:\/\/www.redenoticia.com.br\/noticia\/wp-json\/wp\/v2\/tags?post=86261"}],"curies":[{"name":"wp","href":"https:\/\/api.w.org\/{rel}","templated":true}]}}