{"id":86190,"date":"2016-05-13T10:19:42","date_gmt":"2016-05-13T13:19:42","guid":{"rendered":"http:\/\/www.redenoticia.com.br\/noticia\/?p=86190"},"modified":"2016-05-13T00:25:56","modified_gmt":"2016-05-13T03:25:56","slug":"empresarios-elogiam-equipe-economica","status":"publish","type":"post","link":"https:\/\/www.redenoticia.com.br\/noticia\/2016\/empresarios-elogiam-equipe-economica\/86190","title":{"rendered":"Empres\u00e1rios elogiam equipe econ\u00f4mica"},"content":{"rendered":"<p> O presidente da Federa\u00e7\u00e3o Brasileira de Bancos (Febraban), Murilo Portugal, afirmou por meio de nota, que o vice-presidente <strong><em>Michel Temer<\/em><\/strong> assume a Presid\u00eancia da Rep\u00fablica em momento dif\u00edcil, &#8220;mas acompanhado de expectativas positivas&#8221;. De acordo com Portugal, a Febraban &#8220;associa-se aos que veem na nova equipe de governo capacidade de superar os desafios econ\u00f4micos e manifesta seu apoio, em especial, aos novos ministros da Fazenda, Henrique Meirelles, e do Planejamento, Romero Juc\u00e1&#8221;.<\/p>\n<p> Na nota, o presidente da Febraban informou que a entidade se empenhar\u00e1 para colaborar com a nova equipe de governo e reitera seu compromisso de trabalhar &#8220;pelo bom funcionamento do sistema banc\u00e1rio e pelo desenvolvimento sustent\u00e1vel do Brasil&#8221;.<\/p>\n<p>Sobre Henrique Meirelles, Murilo Portugal disse se tratar de um executivo &#8220;com experi\u00eancia profissional exitosa e compet\u00eancia comprovada no Brasil e no exterior, tanto no setor p\u00fablico quanto no privado&#8221;. Do senador Romero Juc\u00e1, lembrou a extensa experi\u00eancia pol\u00edtica e administrativa e lideran\u00e7a parlamentar. &#8220;Ele tem as qualidades necess\u00e1rias para gest\u00e3o das prioridades or\u00e7ament\u00e1rias e articula\u00e7\u00e3o do apoio pol\u00edtico essencial \u00e0 aprova\u00e7\u00e3o das medidas legislativas a serem submetidas ao Congresso Nacional.&#8221;<\/p>\n<p>Firjan<\/p>\n<p>Tamb\u00e9m por meio de nota, a Federa\u00e7\u00e3o das Ind\u00fastrias do Estado do Rio de Janeiro (Firjan) destacou a abertura do presidente interino Michel Temer ao di\u00e1logo, qualidade que a entidade considera essencial para solu\u00e7\u00e3o dos problemas enfrentados pelo Brasil.<\/p>\n<p>\u201cO presidente Michel Temer \u00e9 um homem aberto ao di\u00e1logo, que compreende o momento hist\u00f3rico em que assume os destinos da na\u00e7\u00e3o brasileira. Uma agenda de reformas ser\u00e1 implementada. S\u00e3o mudan\u00e7as no arcabou\u00e7o institucional do pa\u00eds, pelas quais clama o setor privado h\u00e1 pelo menos duas d\u00e9cadas\u201d, ressaltou.<\/p>\n<p>Do mesmo modo, a entidade representativa da ind\u00fastria fluminense chamou a aten\u00e7\u00e3o para a compet\u00eancia e o curr\u00edculo de Henrique Meirelles, fatores que o \u201ccredenciam como nome certo para comandar o Minist\u00e9rio da Fazenda\u201d. Conforme o comunicado, tamb\u00e9m o Banco Central estar\u00e1 fortalecido sob o comando de Ilan Goldfajn.<\/p>\n<p>\u201cOs investidores voltar\u00e3o a olhar para o Brasil como um destino seguro para seus investimentos. A nomea\u00e7\u00e3o de Jos\u00e9 Serra para a pasta das Rela\u00e7\u00f5es Exteriores refor\u00e7a esta tend\u00eancia\u201d, acrescentou a nota, reiterando que a atual conjuntura econ\u00f4mica e social do pa\u00eds \u201crequer a uni\u00e3o, o apoio e a colabora\u00e7\u00e3o das entidades de representa\u00e7\u00e3o e do conjunto do empresariado em torno do novo governo\u201d. <\/p>\n<p>Fecomercio<\/p>\n<p>A Federa\u00e7\u00e3o do Com\u00e9rcio de Bens, Servi\u00e7os e Turismo do Estado de S\u00e3o Paulo (FecomercioSP) tamb\u00e9m se manifestou por meio de nota. A entidade avaliou como positivas as escolhas do presidente interino Michel Temer para compor a equipe econ\u00f4mica. Para a FecomercioSP, a nova equipe deve retomar os conceitos b\u00e1sicos de equil\u00edbrio macroecon\u00f4mico e de responsabilidade fiscal, que ser\u00e3o determinantes para a retomada do crescimento econ\u00f4mico do pa\u00eds.<\/p>\n<p>No entendimento da federa\u00e7\u00e3o, o novo governo compreendeu que deve haver sintonia entre escolas de pensamento para Fazenda, Banco Central, Tesouro e Planejamento, &#8220;o que, por si s\u00f3, j\u00e1 \u00e9 uma not\u00edcia positiva&#8221;. Ainda segundo a entidade, trata-se de um grupo que entende que o Estado j\u00e1 n\u00e3o cabe mais nos bolsos dos brasileiros. &#8220;Ficou claro que \u00e9 preciso adaptar o Estado \u00e0 capacidade contributiva do cidad\u00e3o e n\u00e3o o contr\u00e1rio.&#8221;<\/p>\n<p>Da Ag\u00eancia Brasil *<br \/>\n* Colaborou Alana Gandra<br \/>\nEdi\u00e7\u00e3o: Armando Cardoso<br \/>\n13\/05\/2016<\/p>\n","protected":false},"excerpt":{"rendered":"<p>O presidente da Federa\u00e7\u00e3o Brasileira de Bancos (Febraban), Murilo Portugal, afirmou por meio de nota, que o vice-presidente Michel Temer assume a Presid\u00eancia da Rep\u00fablica em momento dif\u00edcil, &#8220;mas acompanhado de expectativas positivas&#8221;. De acordo com Portugal, a Febraban &#8220;associa-se aos que veem na nova equipe de governo capacidade de superar os desafios econ\u00f4micos e [&hellip;]<\/p>\n","protected":false},"author":2,"featured_media":40787,"comment_status":"open","ping_status":"closed","sticky":false,"template":"","format":"standard","meta":{"_genesis_hide_title":false,"_genesis_hide_breadcrumbs":false,"_genesis_hide_singular_image":false,"_genesis_hide_footer_widgets":false,"_genesis_custom_body_class":"","_genesis_custom_post_class":"","_genesis_layout":"","_jetpack_memberships_contains_paid_content":false,"footnotes":""},"categories":[22,7],"tags":[],"class_list":{"0":"post-86190","1":"post","2":"type-post","3":"status-publish","4":"format-standard","5":"has-post-thumbnail","7":"category-brasil","8":"category-economia","9":"entry","10":"gs-1","11":"gs-odd","12":"gs-even","13":"gs-featured-content-entry"},"jetpack_featured_media_url":"https:\/\/www.redenoticia.com.br\/noticia\/imagens\/Brasil-incra1.jpg","jetpack_sharing_enabled":true,"jetpack_likes_enabled":true,"_links":{"self":[{"href":"https:\/\/www.redenoticia.com.br\/noticia\/wp-json\/wp\/v2\/posts\/86190","targetHints":{"allow":["GET"]}}],"collection":[{"href":"https:\/\/www.redenoticia.com.br\/noticia\/wp-json\/wp\/v2\/posts"}],"about":[{"href":"https:\/\/www.redenoticia.com.br\/noticia\/wp-json\/wp\/v2\/types\/post"}],"author":[{"embeddable":true,"href":"https:\/\/www.redenoticia.com.br\/noticia\/wp-json\/wp\/v2\/users\/2"}],"replies":[{"embeddable":true,"href":"https:\/\/www.redenoticia.com.br\/noticia\/wp-json\/wp\/v2\/comments?post=86190"}],"version-history":[{"count":0,"href":"https:\/\/www.redenoticia.com.br\/noticia\/wp-json\/wp\/v2\/posts\/86190\/revisions"}],"wp:featuredmedia":[{"embeddable":true,"href":"https:\/\/www.redenoticia.com.br\/noticia\/wp-json\/wp\/v2\/media\/40787"}],"wp:attachment":[{"href":"https:\/\/www.redenoticia.com.br\/noticia\/wp-json\/wp\/v2\/media?parent=86190"}],"wp:term":[{"taxonomy":"category","embeddable":true,"href":"https:\/\/www.redenoticia.com.br\/noticia\/wp-json\/wp\/v2\/categories?post=86190"},{"taxonomy":"post_tag","embeddable":true,"href":"https:\/\/www.redenoticia.com.br\/noticia\/wp-json\/wp\/v2\/tags?post=86190"}],"curies":[{"name":"wp","href":"https:\/\/api.w.org\/{rel}","templated":true}]}}