{"id":86188,"date":"2016-05-13T10:14:25","date_gmt":"2016-05-13T13:14:25","guid":{"rendered":"http:\/\/www.redenoticia.com.br\/noticia\/?p=86188"},"modified":"2016-05-13T00:17:17","modified_gmt":"2016-05-13T03:17:17","slug":"gilmar-mendes-assume-presidencia-do-tse","status":"publish","type":"post","link":"https:\/\/www.redenoticia.com.br\/noticia\/2016\/gilmar-mendes-assume-presidencia-do-tse\/86188","title":{"rendered":"Gilmar Mendes assume presid\u00eancia do TSE"},"content":{"rendered":"<p> Os ministros <strong><em>Gilmar Mendes<\/em><\/strong> e Luiz Fux tomaram posse como presidente e vice-presidente do Tribunal Superior Eleitoral (TSE) e ficar\u00e3o nos cargos at\u00e9 fevereiro de 2018. Mendes assume o lugar do ministro Dias Toffoli e comandar\u00e1 pela segunda vez a Justi\u00e7a Eleitoral, a primeira foi em 2006.<\/p>\n<p>O presidente interino Michel Temer participou da cerim\u00f4nia, com vis\u00edveis sinais de cansa\u00e7o. Temer assumiu hoje o Pal\u00e1cio do Planalto no lugar da presidenta afastada Dilma Rousseff e deu posse a seus 23 ministros.<\/p>\n<p>No discurso de posse, Gilmar Mendes defendeu o fortalecimento das institui\u00e7\u00f5es e disse que o sistema eleitoral brasileiro \u00e9 falho, pois favorece \u201ccoliga\u00e7\u00f5es ileg\u00edtimas\u201d que corroem \u201ca legitimidade da representatividade popular e estimula crimes\u201d. O ministro elogiou a popula\u00e7\u00e3o que foi \u00e0s ruas nos \u00faltimos meses para cobrar transpar\u00eancia na pol\u00edtica. \u201cN\u00e3o permanece qualquer d\u00favida de que o pa\u00eds se reorientou.\u201d<\/p>\n<p>Tendo \u00e0 frente as elei\u00e7\u00f5es municipais de outubro, o presidente do TSE criticou as novas regras eleitorais, que pro\u00edbem doa\u00e7\u00f5es de empresas para as campanhas. Segundo Mendes, o processo se dar\u00e1 sem nenhuma transi\u00e7\u00e3o e mantendo a demanda por grandes campanhas. \u201cNessas circunst\u00e2ncias, h\u00e1 enormes chances de fraudes\u201d, analisou.<\/p>\n<p>Al\u00e9m de Temer, o presidente do Senado, Renan Calheiros (PMDB-AL), o procurador-geral da Rep\u00fablica, Rodrigo Janot, governadores e ministros rec\u00e9m-empossados participaram da cerim\u00f4nia, entre outras autoridades.<\/p>\n<p>Sobre o afastamento de Dilma, o presidente do Conselho Federal da Ordem dos Advogados do Brasil (OAB), Claudio Lamachia, disse que \u201cn\u00e3o h\u00e1 o que se comemorar, mesmo quando decorre de imperativos legais\u201d.<\/p>\n<p>Tarefas<\/p>\n<p>Segundo o TSE, as elei\u00e7\u00f5es municipais deste ano ter\u00e3o mais de 500 mil candidatos. Al\u00e9m da organiza\u00e7\u00e3o do pleito, a Corte Eleitoral tem entre suas tarefas a an\u00e1lise de quatro a\u00e7\u00f5es movidas pelo PSDB contra a chapa vencedora da elei\u00e7\u00e3o presidencial de 2014, Dilma-Temer.<\/p>\n<p>Os tucanos apontam supostos epis\u00f3dios de uso da m\u00e1quina p\u00fablica pelo governo na \u00faltima campanha eleitoral e o eventual recebimento de doa\u00e7\u00f5es de empreiteiras envolvidas em desvios de recursos da Petrobras, investigadas pela Opera\u00e7\u00e3o Lava Jato.<\/p>\n<p>Em abril, Gilmar Mendes j\u00e1 havia dito que a a\u00e7\u00e3o de cassa\u00e7\u00e3o da chapa de Dilma Rousseff e Michel Temer n\u00e3o ser\u00e1 seu primeiro trabalho \u00e0 frente do TSE e que a decis\u00e3o pode ser tomada apenas em 2017. <\/p>\n<p>Composi\u00e7\u00e3o<\/p>\n<p>O TSE \u00e9 composto por, no m\u00ednimo, sete ministros: tr\u00eas origin\u00e1rios do Supremo Tribunal Federal (STF), dois do Superior Tribunal de Justi\u00e7a (STJ) e dois representantes da classe dos juristas \u2013 advogados com not\u00e1vel saber jur\u00eddico e idoneidade.<\/p>\n<p>Cada ministro \u00e9 eleito para um bi\u00eanio, sendo proibida a recondu\u00e7\u00e3o ap\u00f3s dois bi\u00eanios consecutivos. A rotatividade dos ju\u00edzes no \u00e2mbito da Justi\u00e7a Eleitoral objetiva manter o car\u00e1ter apol\u00edtico dos tribunais, de modo a garantir a isonomia nas elei\u00e7\u00f5es. O TSE \u00e9 sempre presidido por um ministro oriundo do STF.<\/p>\n<p>Mariana Tokarnia &#8211; Rep\u00f3rter da Ag\u00eancia Brasil<br \/>\nEdi\u00e7\u00e3o: Luana Louren\u00e7o<br \/>\n13\/05\/2016<\/p>\n","protected":false},"excerpt":{"rendered":"<p>Os ministros Gilmar Mendes e Luiz Fux tomaram posse como presidente e vice-presidente do Tribunal Superior Eleitoral (TSE) e ficar\u00e3o nos cargos at\u00e9 fevereiro de 2018. Mendes assume o lugar do ministro Dias Toffoli e comandar\u00e1 pela segunda vez a Justi\u00e7a Eleitoral, a primeira foi em 2006. O presidente interino Michel Temer participou da cerim\u00f4nia, [&hellip;]<\/p>\n","protected":false},"author":2,"featured_media":39956,"comment_status":"open","ping_status":"closed","sticky":false,"template":"","format":"standard","meta":{"_genesis_hide_title":false,"_genesis_hide_breadcrumbs":false,"_genesis_hide_singular_image":false,"_genesis_hide_footer_widgets":false,"_genesis_custom_body_class":"","_genesis_custom_post_class":"","_genesis_layout":"","_jetpack_memberships_contains_paid_content":false,"footnotes":""},"categories":[22],"tags":[],"class_list":{"0":"post-86188","1":"post","2":"type-post","3":"status-publish","4":"format-standard","5":"has-post-thumbnail","7":"category-brasil","8":"entry","9":"gs-1","10":"gs-odd","11":"gs-even","12":"gs-featured-content-entry"},"jetpack_featured_media_url":"https:\/\/www.redenoticia.com.br\/noticia\/imagens\/eleicao-voto-campanha-eleitoral-resultado.jpg","jetpack_sharing_enabled":true,"jetpack_likes_enabled":true,"_links":{"self":[{"href":"https:\/\/www.redenoticia.com.br\/noticia\/wp-json\/wp\/v2\/posts\/86188","targetHints":{"allow":["GET"]}}],"collection":[{"href":"https:\/\/www.redenoticia.com.br\/noticia\/wp-json\/wp\/v2\/posts"}],"about":[{"href":"https:\/\/www.redenoticia.com.br\/noticia\/wp-json\/wp\/v2\/types\/post"}],"author":[{"embeddable":true,"href":"https:\/\/www.redenoticia.com.br\/noticia\/wp-json\/wp\/v2\/users\/2"}],"replies":[{"embeddable":true,"href":"https:\/\/www.redenoticia.com.br\/noticia\/wp-json\/wp\/v2\/comments?post=86188"}],"version-history":[{"count":0,"href":"https:\/\/www.redenoticia.com.br\/noticia\/wp-json\/wp\/v2\/posts\/86188\/revisions"}],"wp:featuredmedia":[{"embeddable":true,"href":"https:\/\/www.redenoticia.com.br\/noticia\/wp-json\/wp\/v2\/media\/39956"}],"wp:attachment":[{"href":"https:\/\/www.redenoticia.com.br\/noticia\/wp-json\/wp\/v2\/media?parent=86188"}],"wp:term":[{"taxonomy":"category","embeddable":true,"href":"https:\/\/www.redenoticia.com.br\/noticia\/wp-json\/wp\/v2\/categories?post=86188"},{"taxonomy":"post_tag","embeddable":true,"href":"https:\/\/www.redenoticia.com.br\/noticia\/wp-json\/wp\/v2\/tags?post=86188"}],"curies":[{"name":"wp","href":"https:\/\/api.w.org\/{rel}","templated":true}]}}