{"id":86177,"date":"2016-05-13T10:04:14","date_gmt":"2016-05-13T13:04:14","guid":{"rendered":"http:\/\/www.redenoticia.com.br\/noticia\/?p=86177"},"modified":"2016-05-13T00:05:18","modified_gmt":"2016-05-13T03:05:18","slug":"cabreuva-turismo-ecologico-e-aventura","status":"publish","type":"post","link":"https:\/\/www.redenoticia.com.br\/noticia\/2016\/cabreuva-turismo-ecologico-e-aventura\/86177","title":{"rendered":"Cabre\u00fava: turismo ecol\u00f3gico e aventura"},"content":{"rendered":"<p> A cidade de <em><strong>Cabre\u00fava<\/strong><\/em>, localizada a 78 km da Capital , \u00e9 conhecida pelas op\u00e7\u00f5es de turismo ecol\u00f3gico e de aventura. O motivo principal \u00e9 a sua localiza\u00e7\u00e3o dentro de uma \u00e1rea de preserva\u00e7\u00e3o ambiental com muitas cachoeiras, grutas, trilhas para passeios a cavalo e pesqueiros.<\/p>\n<p>O nome da cidade, que fica \u00e0s margens do Rio Tiet\u00ea, \u00e9 origin\u00e1rio de uma \u00e1rvore chamada &#8220;Cabre\u00fava&#8221;, abundante na regi\u00e3o, que significa &#8220;\u00e1rvore da coruja&#8221;. O nome ficou conhecido em virtude da utiliza\u00e7\u00e3o do tronco de uma \u00e1rvore desta esp\u00e9cie, como uma ponte para travessia dos pedestres sobre o antigo Ribeir\u00e3o dos Padres.<\/p>\n<p>As cachoeira do Tagu\u00e1 e Guaxinduva, tamb\u00e9m conhecida como corredeiras de Cabre\u00fava, \u00e9 o local ideal para quem gosta de interagir com a natureza e busca sossego e tranquilidade. Ocupa uma \u00e1rea de 1500 hectares, sendo que 75% \u00e9 preservada com uma rica fauna e flora. O espa\u00e7o conta com cachoeiras, lagos, bosques, passeios a cavalo, entre outros atrativos.<\/p>\n<p>Para quem adora desbravar lugares, um dos principais atrativos da cidade, a Serra do Japi, oferece muitas op\u00e7\u00f5es. \u00c9 poss\u00edvel conhecer o \u00fanico lugar no mundo com vegeta\u00e7\u00e3o sobre rochas, fazendas centen\u00e1rias, fazer trilhas de bike, moto, jipe ou at\u00e9 mesmo a p\u00e9. N\u00e3o esque\u00e7a os equipamentos fotogr\u00e1ficos, pois as paisagens s\u00e3o deslumbrantes.<\/p>\n<p>Visita Hist\u00f3rica<br \/>\nCabre\u00fava tamb\u00e9m conta com significativa participa\u00e7\u00e3o hist\u00f3rica no povoamento paulista, por se tratar de passagem obrigat\u00f3ria para os bandeirantes. Tanto que a cidade est\u00e1 presente no Roteiro Tur\u00edstico do Estado, o Roteiro dos Bandeirantes.<\/p>\n<p>Outra parada obrigat\u00f3ria para quem gosta de hist\u00f3ria \u00e9 a Matriz de Nossa Senhora da Piedade, marco da funda\u00e7\u00e3o do munic\u00edpio, localizada no Centro Hist\u00f3rico. Constru\u00edda em 1856, a atra\u00e7\u00e3o foi erguida em homenagem a Santa Nossa Senhora da Piedade, padroeira do munic\u00edpio. Chegando ao templo \u00e9 poss\u00edvel conferir os ricos detalhes arquitet\u00f4nicos da \u00e9poca.<\/p>\n<p>J\u00e1 na parte cultural, al\u00e9m das in\u00fameras festas culturais e folcl\u00f3ricas, a cidade oferece docerias e alambiques para visita\u00e7\u00e3o. S\u00e3o estabelecimentos tradicionais, reconhecidos nacionalmente, com muita hist\u00f3ria e que oferecem produtos t\u00edpicos na gastronomia.<\/p>\n<p>Do Portal do Governo do Estado SP<\/p>\n","protected":false},"excerpt":{"rendered":"<p>A cidade de Cabre\u00fava, localizada a 78 km da Capital , \u00e9 conhecida pelas op\u00e7\u00f5es de turismo ecol\u00f3gico e de aventura. O motivo principal \u00e9 a sua localiza\u00e7\u00e3o dentro de uma \u00e1rea de preserva\u00e7\u00e3o ambiental com muitas cachoeiras, grutas, trilhas para passeios a cavalo e pesqueiros. O nome da cidade, que fica \u00e0s margens do [&hellip;]<\/p>\n","protected":false},"author":2,"featured_media":39993,"comment_status":"open","ping_status":"closed","sticky":false,"template":"","format":"standard","meta":{"_genesis_hide_title":false,"_genesis_hide_breadcrumbs":false,"_genesis_hide_singular_image":false,"_genesis_hide_footer_widgets":false,"_genesis_custom_body_class":"","_genesis_custom_post_class":"","_genesis_layout":"","_jetpack_memberships_contains_paid_content":false,"footnotes":""},"categories":[22],"tags":[],"class_list":{"0":"post-86177","1":"post","2":"type-post","3":"status-publish","4":"format-standard","5":"has-post-thumbnail","7":"category-brasil","8":"entry","9":"gs-1","10":"gs-odd","11":"gs-even","12":"gs-featured-content-entry"},"jetpack_featured_media_url":"https:\/\/www.redenoticia.com.br\/noticia\/imagens\/viagem-turismo-ferias-mapa.jpg","jetpack_sharing_enabled":true,"jetpack_likes_enabled":true,"_links":{"self":[{"href":"https:\/\/www.redenoticia.com.br\/noticia\/wp-json\/wp\/v2\/posts\/86177","targetHints":{"allow":["GET"]}}],"collection":[{"href":"https:\/\/www.redenoticia.com.br\/noticia\/wp-json\/wp\/v2\/posts"}],"about":[{"href":"https:\/\/www.redenoticia.com.br\/noticia\/wp-json\/wp\/v2\/types\/post"}],"author":[{"embeddable":true,"href":"https:\/\/www.redenoticia.com.br\/noticia\/wp-json\/wp\/v2\/users\/2"}],"replies":[{"embeddable":true,"href":"https:\/\/www.redenoticia.com.br\/noticia\/wp-json\/wp\/v2\/comments?post=86177"}],"version-history":[{"count":0,"href":"https:\/\/www.redenoticia.com.br\/noticia\/wp-json\/wp\/v2\/posts\/86177\/revisions"}],"wp:featuredmedia":[{"embeddable":true,"href":"https:\/\/www.redenoticia.com.br\/noticia\/wp-json\/wp\/v2\/media\/39993"}],"wp:attachment":[{"href":"https:\/\/www.redenoticia.com.br\/noticia\/wp-json\/wp\/v2\/media?parent=86177"}],"wp:term":[{"taxonomy":"category","embeddable":true,"href":"https:\/\/www.redenoticia.com.br\/noticia\/wp-json\/wp\/v2\/categories?post=86177"},{"taxonomy":"post_tag","embeddable":true,"href":"https:\/\/www.redenoticia.com.br\/noticia\/wp-json\/wp\/v2\/tags?post=86177"}],"curies":[{"name":"wp","href":"https:\/\/api.w.org\/{rel}","templated":true}]}}