{"id":86111,"date":"2016-05-12T10:31:09","date_gmt":"2016-05-12T13:31:09","guid":{"rendered":"http:\/\/www.redenoticia.com.br\/noticia\/?p=86111"},"modified":"2016-05-11T23:32:51","modified_gmt":"2016-05-12T02:32:51","slug":"pesquisa-do-procon-sp-mostra-alta-da-taxa-de-juros-do-cheque-especial","status":"publish","type":"post","link":"https:\/\/www.redenoticia.com.br\/noticia\/2016\/pesquisa-do-procon-sp-mostra-alta-da-taxa-de-juros-do-cheque-especial\/86111","title":{"rendered":"Pesquisa do Procon-SP mostra alta da taxa de juros do cheque especial"},"content":{"rendered":"<p> Uma pesquisa de <strong><em>taxas de juros<\/em><\/strong>, realizada pelo Procon-SP no in\u00edcio desse m\u00eas, mostra que das sete institui\u00e7\u00f5es financeiras que fazem parte da amostra duas elevaram a taxa de cheque especial, e todos os bancos pesquisados mantiveram a do empr\u00e9stimo pessoal. <\/p>\n<p>A taxa m\u00e9dia dos bancos pesquisados foi de 13,18% a.m., superior \u00e0 do m\u00eas anterior que foi de 13,08% a.m., representando uma alta de 0,10 ponto percentual. O cheque especial atingiu neste m\u00eas a maior marca desde agosto de 1995, quando a taxa m\u00e9dia era de 13,30% ao m\u00eas.<\/p>\n<p>J\u00e1 no empr\u00e9stimo Pessoal, a taxa m\u00e9dia dos bancos pesquisados foi de 6,48% a.m., igual \u00e0 do m\u00eas anterior. Todos os bancos da amostra mantiveram sua taxa de empr\u00e9stimo pessoal.<\/p>\n<p>Especialistas da Funda\u00e7\u00e3o alertam que por conta da crise financeira, o cr\u00e9dito ao consumidor est\u00e1 com as taxas bem mais elevadas e deve ser bem avaliado. Caso seja inevit\u00e1vel a contrata\u00e7\u00e3o de um empr\u00e9stimo, deve pesquisar principalmente as diversas modalidades de cr\u00e9dito dispon\u00edveis e as suas respectivas taxas de juros.<\/p>\n<p>A pesquisa completa pode ser conferida .<\/p>\n<p>Do Portal do Governo do Estado SP <\/p>\n","protected":false},"excerpt":{"rendered":"<p>Uma pesquisa de taxas de juros, realizada pelo Procon-SP no in\u00edcio desse m\u00eas, mostra que das sete institui\u00e7\u00f5es financeiras que fazem parte da amostra duas elevaram a taxa de cheque especial, e todos os bancos pesquisados mantiveram a do empr\u00e9stimo pessoal. A taxa m\u00e9dia dos bancos pesquisados foi de 13,18% a.m., superior \u00e0 do m\u00eas [&hellip;]<\/p>\n","protected":false},"author":2,"featured_media":57584,"comment_status":"open","ping_status":"closed","sticky":false,"template":"","format":"standard","meta":{"_genesis_hide_title":false,"_genesis_hide_breadcrumbs":false,"_genesis_hide_singular_image":false,"_genesis_hide_footer_widgets":false,"_genesis_custom_body_class":"","_genesis_custom_post_class":"","_genesis_layout":"","_jetpack_memberships_contains_paid_content":false,"footnotes":""},"categories":[22,7],"tags":[],"class_list":{"0":"post-86111","1":"post","2":"type-post","3":"status-publish","4":"format-standard","5":"has-post-thumbnail","7":"category-brasil","8":"category-economia","9":"entry","10":"gs-1","11":"gs-odd","12":"gs-even","13":"gs-featured-content-entry"},"jetpack_featured_media_url":"https:\/\/www.redenoticia.com.br\/noticia\/imagens\/economia-grafica-analise-inflacao.jpg","jetpack_sharing_enabled":true,"jetpack_likes_enabled":true,"_links":{"self":[{"href":"https:\/\/www.redenoticia.com.br\/noticia\/wp-json\/wp\/v2\/posts\/86111","targetHints":{"allow":["GET"]}}],"collection":[{"href":"https:\/\/www.redenoticia.com.br\/noticia\/wp-json\/wp\/v2\/posts"}],"about":[{"href":"https:\/\/www.redenoticia.com.br\/noticia\/wp-json\/wp\/v2\/types\/post"}],"author":[{"embeddable":true,"href":"https:\/\/www.redenoticia.com.br\/noticia\/wp-json\/wp\/v2\/users\/2"}],"replies":[{"embeddable":true,"href":"https:\/\/www.redenoticia.com.br\/noticia\/wp-json\/wp\/v2\/comments?post=86111"}],"version-history":[{"count":0,"href":"https:\/\/www.redenoticia.com.br\/noticia\/wp-json\/wp\/v2\/posts\/86111\/revisions"}],"wp:featuredmedia":[{"embeddable":true,"href":"https:\/\/www.redenoticia.com.br\/noticia\/wp-json\/wp\/v2\/media\/57584"}],"wp:attachment":[{"href":"https:\/\/www.redenoticia.com.br\/noticia\/wp-json\/wp\/v2\/media?parent=86111"}],"wp:term":[{"taxonomy":"category","embeddable":true,"href":"https:\/\/www.redenoticia.com.br\/noticia\/wp-json\/wp\/v2\/categories?post=86111"},{"taxonomy":"post_tag","embeddable":true,"href":"https:\/\/www.redenoticia.com.br\/noticia\/wp-json\/wp\/v2\/tags?post=86111"}],"curies":[{"name":"wp","href":"https:\/\/api.w.org\/{rel}","templated":true}]}}