{"id":86045,"date":"2016-05-11T10:26:38","date_gmt":"2016-05-11T13:26:38","guid":{"rendered":"http:\/\/www.redenoticia.com.br\/noticia\/?p=86045"},"modified":"2016-05-10T18:28:04","modified_gmt":"2016-05-10T21:28:04","slug":"mais-de-600-mil-beneficiarios-sacaram-pis-pasep-nos-ultimos-cinco-meses","status":"publish","type":"post","link":"https:\/\/www.redenoticia.com.br\/noticia\/2016\/mais-de-600-mil-beneficiarios-sacaram-pis-pasep-nos-ultimos-cinco-meses\/86045","title":{"rendered":"Mais de 600 mil benefici\u00e1rios sacaram PIS-Pasep nos \u00faltimos cinco meses"},"content":{"rendered":"<p> O Minist\u00e9rio da Fazenda informou que mais de 614 mil benefici\u00e1rios do programa <strong><em>PIS-Pasep<\/em><\/strong> foram \u00e0s ag\u00eancias do Banco do Brasil (BB) e da Caixa Econ\u00f4mica Federal (CAIXA) e sacaram os valores de cotas dispon\u00edveis em suas contas individuais ap\u00f3s campanha do governo sobre o assunto entre novembro de 2015 a abril de 2016. Esse montante representa uma amplia\u00e7\u00e3o de 269 mil saques (ou 78%) em rela\u00e7\u00e3o ao observado entre novembro de 2014 e abril de 2015.<\/p>\n<p>O estado de S\u00e3o Paulo concentrou o maior n\u00famero de saques (208.724), seguido por Minas Gerais (66.740), pelo Rio de Janeiro (64.396), Rio Grande do Sul (51.982), Paran\u00e1 (37.696) e por Santa Catarina (25.243). O balan\u00e7o do Minist\u00e9rio da Fazenda mostra ainda que o maior aumento foi verificado nas retiradas feitas por benefici\u00e1rios com 70 anos ou mais, que passaram de 3,7 mil para quase 190 mil. Para esse p\u00fablico, foram enviadas pelo BB e a CAIXA quase 920 mil malas diretas informando sobre a exist\u00eancia de saldo dispon\u00edvel para saque nas contas individuais dos programas. At\u00e9 o fim de 2015, encerramento do exerc\u00edcio do Fundo PIS-Pasep, pouco mais 4,6 milh\u00f5es de cadastrados tinham direito ao saque por idade.<\/p>\n<p>T\u00eam direito ao saque das cotas os inscritos nos programas at\u00e9 4 de outubro de 1988 que possuam saldo em suas contas individuais e que se enquadrem em um dos seguintes motivos: aposentadoria; idade igual ou superior a 70 anos; invalidez (do participante ou dependente); transfer\u00eancia para reserva remunerada ou reforma (no caso de militar); idoso e\/ou portador de defici\u00eancia alcan\u00e7ado pelo Benef\u00edcio da Presta\u00e7\u00e3o Continuada; participante ou dependente acometido por neoplasia maligna, v\u00edrus HIV ou doen\u00e7as listadas na  ; ou morte, situa\u00e7\u00e3o em que o saldo da conta ser\u00e1 pago aos dependentes ou sucessores do titular.<\/p>\n<p>Os interessados devem procurar o Banco do Brasil, quando inscritos no Pasep, ou a Caixa Econ\u00f4mica Federal, que \u00e9 a institui\u00e7\u00e3o administradora do PIS. Os documentos necess\u00e1rios para o saque podem ser consultados nos <em>sites<\/em> dessas institui\u00e7\u00f5es  (ver no item &#8220;Quotas do PIS&#8221;) e  (ver na aba &#8220;Quando e Como Sacar o Saldo&#8221;).<\/p>\n<p>Da Ag\u00eancia Brasil<br \/>\nEdi\u00e7\u00e3o: Gra\u00e7a Adjuto<br \/>\n11\/05\/2016 <\/p>\n","protected":false},"excerpt":{"rendered":"<p>O Minist\u00e9rio da Fazenda informou que mais de 614 mil benefici\u00e1rios do programa PIS-Pasep foram \u00e0s ag\u00eancias do Banco do Brasil (BB) e da Caixa Econ\u00f4mica Federal (CAIXA) e sacaram os valores de cotas dispon\u00edveis em suas contas individuais ap\u00f3s campanha do governo sobre o assunto entre novembro de 2015 a abril de 2016. Esse [&hellip;]<\/p>\n","protected":false},"author":2,"featured_media":57584,"comment_status":"open","ping_status":"closed","sticky":false,"template":"","format":"standard","meta":{"_genesis_hide_title":false,"_genesis_hide_breadcrumbs":false,"_genesis_hide_singular_image":false,"_genesis_hide_footer_widgets":false,"_genesis_custom_body_class":"","_genesis_custom_post_class":"","_genesis_layout":"","_jetpack_memberships_contains_paid_content":false,"footnotes":""},"categories":[22,7],"tags":[],"class_list":{"0":"post-86045","1":"post","2":"type-post","3":"status-publish","4":"format-standard","5":"has-post-thumbnail","7":"category-brasil","8":"category-economia","9":"entry","10":"gs-1","11":"gs-odd","12":"gs-even","13":"gs-featured-content-entry"},"jetpack_featured_media_url":"https:\/\/www.redenoticia.com.br\/noticia\/imagens\/economia-grafica-analise-inflacao.jpg","jetpack_sharing_enabled":true,"jetpack_likes_enabled":true,"_links":{"self":[{"href":"https:\/\/www.redenoticia.com.br\/noticia\/wp-json\/wp\/v2\/posts\/86045","targetHints":{"allow":["GET"]}}],"collection":[{"href":"https:\/\/www.redenoticia.com.br\/noticia\/wp-json\/wp\/v2\/posts"}],"about":[{"href":"https:\/\/www.redenoticia.com.br\/noticia\/wp-json\/wp\/v2\/types\/post"}],"author":[{"embeddable":true,"href":"https:\/\/www.redenoticia.com.br\/noticia\/wp-json\/wp\/v2\/users\/2"}],"replies":[{"embeddable":true,"href":"https:\/\/www.redenoticia.com.br\/noticia\/wp-json\/wp\/v2\/comments?post=86045"}],"version-history":[{"count":0,"href":"https:\/\/www.redenoticia.com.br\/noticia\/wp-json\/wp\/v2\/posts\/86045\/revisions"}],"wp:featuredmedia":[{"embeddable":true,"href":"https:\/\/www.redenoticia.com.br\/noticia\/wp-json\/wp\/v2\/media\/57584"}],"wp:attachment":[{"href":"https:\/\/www.redenoticia.com.br\/noticia\/wp-json\/wp\/v2\/media?parent=86045"}],"wp:term":[{"taxonomy":"category","embeddable":true,"href":"https:\/\/www.redenoticia.com.br\/noticia\/wp-json\/wp\/v2\/categories?post=86045"},{"taxonomy":"post_tag","embeddable":true,"href":"https:\/\/www.redenoticia.com.br\/noticia\/wp-json\/wp\/v2\/tags?post=86045"}],"curies":[{"name":"wp","href":"https:\/\/api.w.org\/{rel}","templated":true}]}}