{"id":86043,"date":"2016-05-11T10:25:08","date_gmt":"2016-05-11T13:25:08","guid":{"rendered":"http:\/\/www.redenoticia.com.br\/noticia\/?p=86043"},"modified":"2016-05-10T18:26:34","modified_gmt":"2016-05-10T21:26:34","slug":"horizonte-de-recuperacao-e-ameacado-por-incerteza-politica-dizem-economistas","status":"publish","type":"post","link":"https:\/\/www.redenoticia.com.br\/noticia\/2016\/horizonte-de-recuperacao-e-ameacado-por-incerteza-politica-dizem-economistas\/86043","title":{"rendered":"Horizonte de recupera\u00e7\u00e3o \u00e9 amea\u00e7ado por incerteza pol\u00edtica, dizem economistas"},"content":{"rendered":"<p> Desde o in\u00edcio do ano, o horizonte da <strong><em>economia brasileira<\/em><\/strong> aponta para a recupera\u00e7\u00e3o do investimento e do emprego, mas a turbul\u00eancia pol\u00edtica, com fatos cada vez mais inesperados, atrapalham as previs\u00f5es retomada do crescimento.<\/p>\n<p>A avalia\u00e7\u00e3o \u00e9 dos economistas Demian Fiocca, diretor da MARE Investimentos, Ernani Torres, professor do Instituto de Economia da UFRJ, e Leonardo Weller, professor da Escola de Economia da FGV de S\u00e3o Paulo. Os tr\u00eas foram os convidados do programa Brasilianas.org, que foi ao ar ontem \u00e0 noite, na TV Brasil.<\/p>\n<p>\u201cVejo v\u00e1rios elementos para uma estabiliza\u00e7ao at\u00e9 o final desse ano e uma recupera\u00e7\u00e3o no ano que vem: taxa de c\u00e2mbio melhor, infla\u00e7\u00e3o caindo, capacidade ociosa, sem custos adicionais\u201d, disse Fiocca. No entanto, \u201cessa exacerba\u00e7\u00e3o e at\u00e9 incerteza nos deixa em suspenso sobre a recupera\u00e7\u00e3o. Havendo um grau excessivo de incerteza, nos pr\u00f3ximos passos, mant\u00e9m-se a press\u00e3o negativa.\u201d<\/p>\n<p>Para Weller, de fato a recess\u00e3o proporciona \u201cum colch\u00e3o para crescer\u201d, mas mesmo com a capacidade ociosa dispon\u00edvel para uma recupera\u00e7\u00e3o da produ\u00e7\u00e3o a curto prazo com baixo custo, essa via ser\u00e1 rapidamente esgotada. \u201cPara falar num crescimtno a longo prazo \u00e9 preciso falar de oferta. A produtividade precisa crescer de alguma forma.\u201d<\/p>\n<p>Torres concorda com certo otimismo em rela\u00e7\u00e3o \u00e0 recupera\u00e7\u00e3o do crescimento econ\u00f4mico, embora tenha apontado \u201cduas bombas\u201d que, em sua avalia\u00e7\u00e3o, devem ser resolvidas antes que fujam ao controle: a d\u00edvida dos estados, que amea\u00e7a se tornar um fardo pesado para toda a sociedade; e a aten\u00e7\u00e3o com a sa\u00fade do balan\u00e7o dos bancos brasileiros, que apesar do vigor atual podem vir a ter problemas caso as empresas brasileiras n\u00e3o se recuperem rapidamente.<\/p>\n<p>De acordo com pesquisa mais recente do Instituto Brasileiro de Geografia e Estat\u00edstica (IBGE), a produ\u00e7\u00e3o industrial brasileira, como um todo, recuou 11,4% em mar\u00e7o em rela\u00e7\u00e3o ao mesmo m\u00eas do ano passado. Mas h\u00e1 ind\u00edcios de melhora em alguns setores: 12 dos 14 ramos econ\u00f4micos da produ\u00e7\u00e3o industrial investigados pelo instituto apresentaram leve crescimento na passagem de fevereiro para mar\u00e7o deste ano.<\/p>\n<p>Da Ag\u00eancia Brasil<br \/>\nEdi\u00e7\u00e3o: Maria Claudia<br \/>\n11\/05\/2016<\/p>\n","protected":false},"excerpt":{"rendered":"<p>Desde o in\u00edcio do ano, o horizonte da economia brasileira aponta para a recupera\u00e7\u00e3o do investimento e do emprego, mas a turbul\u00eancia pol\u00edtica, com fatos cada vez mais inesperados, atrapalham as previs\u00f5es retomada do crescimento. A avalia\u00e7\u00e3o \u00e9 dos economistas Demian Fiocca, diretor da MARE Investimentos, Ernani Torres, professor do Instituto de Economia da UFRJ, [&hellip;]<\/p>\n","protected":false},"author":2,"featured_media":57583,"comment_status":"open","ping_status":"closed","sticky":false,"template":"","format":"standard","meta":{"_genesis_hide_title":false,"_genesis_hide_breadcrumbs":false,"_genesis_hide_singular_image":false,"_genesis_hide_footer_widgets":false,"_genesis_custom_body_class":"","_genesis_custom_post_class":"","_genesis_layout":"","_jetpack_memberships_contains_paid_content":false,"footnotes":""},"categories":[22,7],"tags":[],"class_list":{"0":"post-86043","1":"post","2":"type-post","3":"status-publish","4":"format-standard","5":"has-post-thumbnail","7":"category-brasil","8":"category-economia","9":"entry","10":"gs-1","11":"gs-odd","12":"gs-even","13":"gs-featured-content-entry"},"jetpack_featured_media_url":"https:\/\/www.redenoticia.com.br\/noticia\/imagens\/economia-grafico.jpg","jetpack_sharing_enabled":true,"jetpack_likes_enabled":true,"_links":{"self":[{"href":"https:\/\/www.redenoticia.com.br\/noticia\/wp-json\/wp\/v2\/posts\/86043","targetHints":{"allow":["GET"]}}],"collection":[{"href":"https:\/\/www.redenoticia.com.br\/noticia\/wp-json\/wp\/v2\/posts"}],"about":[{"href":"https:\/\/www.redenoticia.com.br\/noticia\/wp-json\/wp\/v2\/types\/post"}],"author":[{"embeddable":true,"href":"https:\/\/www.redenoticia.com.br\/noticia\/wp-json\/wp\/v2\/users\/2"}],"replies":[{"embeddable":true,"href":"https:\/\/www.redenoticia.com.br\/noticia\/wp-json\/wp\/v2\/comments?post=86043"}],"version-history":[{"count":0,"href":"https:\/\/www.redenoticia.com.br\/noticia\/wp-json\/wp\/v2\/posts\/86043\/revisions"}],"wp:featuredmedia":[{"embeddable":true,"href":"https:\/\/www.redenoticia.com.br\/noticia\/wp-json\/wp\/v2\/media\/57583"}],"wp:attachment":[{"href":"https:\/\/www.redenoticia.com.br\/noticia\/wp-json\/wp\/v2\/media?parent=86043"}],"wp:term":[{"taxonomy":"category","embeddable":true,"href":"https:\/\/www.redenoticia.com.br\/noticia\/wp-json\/wp\/v2\/categories?post=86043"},{"taxonomy":"post_tag","embeddable":true,"href":"https:\/\/www.redenoticia.com.br\/noticia\/wp-json\/wp\/v2\/tags?post=86043"}],"curies":[{"name":"wp","href":"https:\/\/api.w.org\/{rel}","templated":true}]}}