{"id":86041,"date":"2016-05-11T10:23:51","date_gmt":"2016-05-11T13:23:51","guid":{"rendered":"http:\/\/www.redenoticia.com.br\/noticia\/?p=86041"},"modified":"2016-05-10T18:25:04","modified_gmt":"2016-05-10T21:25:04","slug":"venda-de-imoveis-publicos-provoca-protestos-da-comunidade-cientifica-em-sp","status":"publish","type":"post","link":"https:\/\/www.redenoticia.com.br\/noticia\/2016\/venda-de-imoveis-publicos-provoca-protestos-da-comunidade-cientifica-em-sp\/86041","title":{"rendered":"Venda de im\u00f3veis p\u00fablicos provoca protestos da comunidade cient\u00edfica em SP"},"content":{"rendered":"<p> A Frente Parlamentar em Defesa dos Institutos e Funda\u00e7\u00f5es P\u00fablicas de Pesquisa de S\u00e3o Paulo fez ato na Assembleia Legislativa de S\u00e3o Paulo para protestar e chamar a aten\u00e7\u00e3o do governo e dos deputados estaduais para o Projeto de Lei n\u00famero 328 de 2016, que pede autoriza\u00e7\u00e3o para a <strong><em>venda de im\u00f3veis p\u00fablicos<\/em><\/strong>. O projeto enviado \u00e0 Alesp pelo governador Geraldo Alckmin, no \u00faltimo dia 14 de abril, sob o argumento de que a comercializa\u00e7\u00e3o dos im\u00f3veis poderia diminuir a crise fiscal e a perda de arrecada\u00e7\u00e3o no estado.<\/p>\n<p>O texto diz que os im\u00f3veis s\u00e3o \u201cinserv\u00edveis ou de pouca utilidade para as atividades estatais no momento\u201d, mas, segundo a Associa\u00e7\u00e3o dos Pesquisadores Cient\u00edficos do Estado de S\u00e3o Paulo, entre os im\u00f3veis colocados para aliena\u00e7\u00e3o ou concess\u00e3o, 12 s\u00e3o administrados pela entidade e utilizados para pesquisa cient\u00edfica e tecnol\u00f3gica, principalmente nas \u00e1reas de agronomia e agropecu\u00e1ria.<\/p>\n<p>O presidente da associa\u00e7\u00e3o, Joaquim Adelino de Azevedo Filho, disse que recebeu a not\u00edcia sobre o projeto de lei com surpresa, porque tudo foi elaborado sem consulta aos profissionais de diversas \u00e1reas no estado, especialmente no interior. \u201cTudo foi colocado \u00e0 venda sem conhecimento, e sem saber o que realmente \u00e9 feito nessas \u00e1reas. S\u00e3o feitas pesquisas na agricultura e agropecu\u00e1ria, que n\u00e3o poderiam ser interrompidas. N\u00f3s queremos barrar esse projeto e pedir que o governador converse conosco.&#8221;<\/p>\n<p>Azevedo ressaltou que a venda dessas \u00e1reas trar\u00e1 consequ\u00eancias enormes para a sociedade. \u201cHoje, esses institutos geram conhecimento que \u00e9 compartilhado com toda a sociedade sem distin\u00e7\u00e3o. Se houver quebra dessas pesquisas p\u00fablicas, toda a tecnologia ser\u00e1 gerada por empresas que v\u00e3o tirar proveito financeiro\u201d.<\/p>\n<p>O deputado Carlos Neder, que tamb\u00e9m preside a Frente Parlamentar em Defesa dos Institutos e Funda\u00e7\u00f5es P\u00fablicas de Pesquisa de S\u00e3o Paulo, falou que o objetivo do grupo \u00e9 que o projeto n\u00e3o seja aprovado e que o governo fa\u00e7a audi\u00eancias com a comunidade cient\u00edfica. \u201cNa nossa avalia\u00e7\u00e3o, o governo quer nosso aval para vender fazendas fundamentais para a pesquisa, para depois ter a permiss\u00e3o para vender outras \u00e1reas, sem precisar recorrer \u00e0 Alesp\u201d.<\/p>\n<p>Neder ressaltou que os grupos cient\u00edficos est\u00e3o se organizando nas regi\u00f5es onde h\u00e1 \u00e1reas \u00e0 venda. \u201cQuem ser\u00e1 beneficiado em \u00faltima inst\u00e2ncia se essa proposta for aprovada s\u00e3o as empresas que atuam no mercado imobili\u00e1rio, que est\u00e3o interessadas em ganhar terrenos altamente valorizados\u201d.<\/p>\n<p>O projeto tramitar\u00e1 em quatro comiss\u00f5es\u2013 Finan\u00e7as, Or\u00e7amento e Planejamento; Ci\u00eancia, Tecnologia, Inova\u00e7\u00e3o e Informa\u00e7\u00e3o; Infraestrutura; e Constitui\u00e7\u00e3o, Justi\u00e7a e Reda\u00e7\u00e3o \u2013 e para o deputado Carlos Neder, o ideal \u00e9 que, al\u00e9m da audi\u00eancia obrigat\u00f3ria com a comunidade cient\u00edfica, cada uma dessas comiss\u00f5es tamb\u00e9m converse sobre o Projeto de Lei antes de ele ser votado.<\/p>\n<p>O governo do estado foi procurado mas n\u00e3o respondeu \u00e0 solicita\u00e7\u00e3o.<\/p>\n<p>Fl\u00e1via Albuquerque \u2013 Rep\u00f3rter da Ag\u00eancia Brasil<br \/>\nEdi\u00e7\u00e3o: Maria Claudia<br \/>\n11\/05\/2016<\/p>\n","protected":false},"excerpt":{"rendered":"<p>A Frente Parlamentar em Defesa dos Institutos e Funda\u00e7\u00f5es P\u00fablicas de Pesquisa de S\u00e3o Paulo fez ato na Assembleia Legislativa de S\u00e3o Paulo para protestar e chamar a aten\u00e7\u00e3o do governo e dos deputados estaduais para o Projeto de Lei n\u00famero 328 de 2016, que pede autoriza\u00e7\u00e3o para a venda de im\u00f3veis p\u00fablicos. O projeto [&hellip;]<\/p>\n","protected":false},"author":2,"featured_media":40734,"comment_status":"open","ping_status":"closed","sticky":false,"template":"","format":"standard","meta":{"_genesis_hide_title":false,"_genesis_hide_breadcrumbs":false,"_genesis_hide_singular_image":false,"_genesis_hide_footer_widgets":false,"_genesis_custom_body_class":"","_genesis_custom_post_class":"","_genesis_layout":"","_jetpack_memberships_contains_paid_content":false,"footnotes":""},"categories":[22,7],"tags":[],"class_list":{"0":"post-86041","1":"post","2":"type-post","3":"status-publish","4":"format-standard","5":"has-post-thumbnail","7":"category-brasil","8":"category-economia","9":"entry","10":"gs-1","11":"gs-odd","12":"gs-even","13":"gs-featured-content-entry"},"jetpack_featured_media_url":"https:\/\/www.redenoticia.com.br\/noticia\/imagens\/economia-resultados.jpg","jetpack_sharing_enabled":true,"jetpack_likes_enabled":true,"_links":{"self":[{"href":"https:\/\/www.redenoticia.com.br\/noticia\/wp-json\/wp\/v2\/posts\/86041","targetHints":{"allow":["GET"]}}],"collection":[{"href":"https:\/\/www.redenoticia.com.br\/noticia\/wp-json\/wp\/v2\/posts"}],"about":[{"href":"https:\/\/www.redenoticia.com.br\/noticia\/wp-json\/wp\/v2\/types\/post"}],"author":[{"embeddable":true,"href":"https:\/\/www.redenoticia.com.br\/noticia\/wp-json\/wp\/v2\/users\/2"}],"replies":[{"embeddable":true,"href":"https:\/\/www.redenoticia.com.br\/noticia\/wp-json\/wp\/v2\/comments?post=86041"}],"version-history":[{"count":0,"href":"https:\/\/www.redenoticia.com.br\/noticia\/wp-json\/wp\/v2\/posts\/86041\/revisions"}],"wp:featuredmedia":[{"embeddable":true,"href":"https:\/\/www.redenoticia.com.br\/noticia\/wp-json\/wp\/v2\/media\/40734"}],"wp:attachment":[{"href":"https:\/\/www.redenoticia.com.br\/noticia\/wp-json\/wp\/v2\/media?parent=86041"}],"wp:term":[{"taxonomy":"category","embeddable":true,"href":"https:\/\/www.redenoticia.com.br\/noticia\/wp-json\/wp\/v2\/categories?post=86041"},{"taxonomy":"post_tag","embeddable":true,"href":"https:\/\/www.redenoticia.com.br\/noticia\/wp-json\/wp\/v2\/tags?post=86041"}],"curies":[{"name":"wp","href":"https:\/\/api.w.org\/{rel}","templated":true}]}}