{"id":86039,"date":"2016-05-11T10:22:36","date_gmt":"2016-05-11T13:22:36","guid":{"rendered":"http:\/\/www.redenoticia.com.br\/noticia\/?p=86039"},"modified":"2016-05-10T18:23:47","modified_gmt":"2016-05-10T21:23:47","slug":"safra-de-graos-cai-25-e-deve-ficar-em-2024-milhoes-de-toneladas-estima-conab","status":"publish","type":"post","link":"https:\/\/www.redenoticia.com.br\/noticia\/2016\/safra-de-graos-cai-25-e-deve-ficar-em-2024-milhoes-de-toneladas-estima-conab\/86039","title":{"rendered":"Safra de gr\u00e3os cai 2,5% e deve ficar em 202,4 milh\u00f5es de toneladas, estima Conab"},"content":{"rendered":"<p> A falta de chuvas resultou na diminui\u00e7\u00e3o da <strong><em>produtividade de soja e milho<\/em><\/strong>, de acordo com o 8\u00ba Levantamento da Safra de Gr\u00e3os 2015\/2016, divulgado pela Companhia Nacional de Abastecimento (Conab). Com isso, a estimativa para a produ\u00e7\u00e3o brasileira passa a ser de 202,4 milh\u00f5es de toneladas \u2013 queda de 2,5% ou 5,3 milh\u00f5es de toneladas em rela\u00e7\u00e3o \u00e0 safra 2014\/2015 (207,7 milh\u00f5es de toneladas).<\/p>\n<p> Segundo a Conab, a queda deve-se principalmente ao milho segunda safra, fortemente afetado pela seca do m\u00eas de abril. A expectativa \u00e9 de uma produ\u00e7\u00e3o de 52,9 milh\u00f5es de toneladas \u2013 3,1% a menos que os 54,6 milh\u00f5es de toneladas da safra 2014\/2015.<\/p>\n<p>A soja, respons\u00e1vel por 47,9% da produ\u00e7\u00e3o nacional de gr\u00e3os, mesmo afetada pelo clima registrar\u00e1 produ\u00e7\u00e3o superior \u00e0 da safra passada em raz\u00e3o do crescimento de 3,1% na \u00e1rea cultivada. A estimativa \u00e9 de um aumento de 677,1 mil toneladas em rela\u00e7\u00e3o aos 96,2 milh\u00f5es de toneladas da safra 2014\/2015, totalizando 96,9 milh\u00f5es de toneladas.<\/p>\n<p>O trigo ter\u00e1 5,8 milh\u00f5es de toneladas, 5,3% superior \u00e0 safra anterior. Para o arroz, milho primeira safra e algod\u00e3o a estimativa \u00e9 de queda na produ\u00e7\u00e3o total, impulsionada pela redu\u00e7\u00e3o na \u00e1rea plantada.<\/p>\n<p>A recupera\u00e7\u00e3o das produtividades de feij\u00e3o reflete aumento da produ\u00e7\u00e3o, apesar da queda na \u00e1rea plantada do pa\u00eds, acrescentou a Conab.<\/p>\n<p>Kelly Oliveira \u2013 Rep\u00f3rter da Ag\u00eancia Brasil<br \/>\nEdi\u00e7\u00e3o: Talita Cavalcante<br \/>\n11\/05\/2016<\/p>\n","protected":false},"excerpt":{"rendered":"<p>A falta de chuvas resultou na diminui\u00e7\u00e3o da produtividade de soja e milho, de acordo com o 8\u00ba Levantamento da Safra de Gr\u00e3os 2015\/2016, divulgado pela Companhia Nacional de Abastecimento (Conab). Com isso, a estimativa para a produ\u00e7\u00e3o brasileira passa a ser de 202,4 milh\u00f5es de toneladas \u2013 queda de 2,5% ou 5,3 milh\u00f5es de [&hellip;]<\/p>\n","protected":false},"author":2,"featured_media":57585,"comment_status":"open","ping_status":"closed","sticky":false,"template":"","format":"standard","meta":{"_genesis_hide_title":false,"_genesis_hide_breadcrumbs":false,"_genesis_hide_singular_image":false,"_genesis_hide_footer_widgets":false,"_genesis_custom_body_class":"","_genesis_custom_post_class":"","_genesis_layout":"","_jetpack_memberships_contains_paid_content":false,"footnotes":""},"categories":[22,7],"tags":[],"class_list":{"0":"post-86039","1":"post","2":"type-post","3":"status-publish","4":"format-standard","5":"has-post-thumbnail","7":"category-brasil","8":"category-economia","9":"entry","10":"gs-1","11":"gs-odd","12":"gs-even","13":"gs-featured-content-entry"},"jetpack_featured_media_url":"https:\/\/www.redenoticia.com.br\/noticia\/imagens\/analise-economia.jpg","jetpack_sharing_enabled":true,"jetpack_likes_enabled":true,"_links":{"self":[{"href":"https:\/\/www.redenoticia.com.br\/noticia\/wp-json\/wp\/v2\/posts\/86039","targetHints":{"allow":["GET"]}}],"collection":[{"href":"https:\/\/www.redenoticia.com.br\/noticia\/wp-json\/wp\/v2\/posts"}],"about":[{"href":"https:\/\/www.redenoticia.com.br\/noticia\/wp-json\/wp\/v2\/types\/post"}],"author":[{"embeddable":true,"href":"https:\/\/www.redenoticia.com.br\/noticia\/wp-json\/wp\/v2\/users\/2"}],"replies":[{"embeddable":true,"href":"https:\/\/www.redenoticia.com.br\/noticia\/wp-json\/wp\/v2\/comments?post=86039"}],"version-history":[{"count":0,"href":"https:\/\/www.redenoticia.com.br\/noticia\/wp-json\/wp\/v2\/posts\/86039\/revisions"}],"wp:featuredmedia":[{"embeddable":true,"href":"https:\/\/www.redenoticia.com.br\/noticia\/wp-json\/wp\/v2\/media\/57585"}],"wp:attachment":[{"href":"https:\/\/www.redenoticia.com.br\/noticia\/wp-json\/wp\/v2\/media?parent=86039"}],"wp:term":[{"taxonomy":"category","embeddable":true,"href":"https:\/\/www.redenoticia.com.br\/noticia\/wp-json\/wp\/v2\/categories?post=86039"},{"taxonomy":"post_tag","embeddable":true,"href":"https:\/\/www.redenoticia.com.br\/noticia\/wp-json\/wp\/v2\/tags?post=86039"}],"curies":[{"name":"wp","href":"https:\/\/api.w.org\/{rel}","templated":true}]}}