{"id":86037,"date":"2016-05-11T10:21:33","date_gmt":"2016-05-11T13:21:33","guid":{"rendered":"http:\/\/www.redenoticia.com.br\/noticia\/?p=86037"},"modified":"2016-05-10T18:22:32","modified_gmt":"2016-05-10T21:22:32","slug":"producao-de-motocicletas-cai-217-de-marco-para-abril","status":"publish","type":"post","link":"https:\/\/www.redenoticia.com.br\/noticia\/2016\/producao-de-motocicletas-cai-217-de-marco-para-abril\/86037","title":{"rendered":"Produ\u00e7\u00e3o de motocicletas cai 21,7% de mar\u00e7o para abril"},"content":{"rendered":"<p> Foram produzidas 63.036 <strong><em>motocicletas<\/em><\/strong> no pa\u00eds em abril deste ano, n\u00famero 21,7% inferior ao total de mar\u00e7o (80.530). Na compara\u00e7\u00e3o com abril de 2015, quando a produ\u00e7\u00e3o foi de 99.051 unidades, a redu\u00e7\u00e3o chega a 36,4%. No acumulado do ano, houve retra\u00e7\u00e3o de 36,4%, passando de 453.958 motocicletas, no per\u00edodo de janeiro a abril de 2015, para 288.499, no primeiro quadrimestre de 2016. O levantamento \u00e9 da Associa\u00e7\u00e3o Brasileira dos Fabricantes de Motocicletas, Ciclomotores, Motonetas, Bicicletas e Similares (Abraciclo).<\/p>\n<p>As vendas no atacado \u2013 para as concession\u00e1rias \u2013 alcan\u00e7aram 72.197 unidades em abril, uma queda de 13,6% em rela\u00e7\u00e3o ao m\u00eas anterior e de 29,2% sobre abril de 2015. No primeiro quadrimestre, foram comercializadas 286.107 motos, o que corresponde a uma baixa de 35,1% na compara\u00e7\u00e3o com o ano anterior.<\/p>\n<p>\u201cAssim como todos os setores, a ind\u00fastria de duas rodas analisa com cautela os desdobramentos macroecon\u00f4micos. De qualquer forma, levamos em conta que, tradicionalmente, no segundo semestre o mercado costuma apresentar desempenho melhor, com resultados mais positivos\u201d, afirmou, em nota, o presidente da Abraciclo, Marcos Fermanian.<\/p>\n<p>As exporta\u00e7\u00f5es totalizaram 4.122 unidades em abril, um recuo de 12,7% em rela\u00e7\u00e3o ao total de 4.721 motocicletas vendidas ao exterior em mar\u00e7o. Em compara\u00e7\u00e3o a abril de 2015, houve uma eleva\u00e7\u00e3o de 49,3%. No quadrimestre, foram comercializadas 17.871 unidades, alta de 96,1% em rela\u00e7\u00e3o ao mesmo per\u00edodo de 2015.<\/p>\n<p>Emplacamentos<\/p>\n<p>No varejo, foram vendidas 79.671 motocicletas, o que representa um recuo de 8,4% em rela\u00e7\u00e3o a mar\u00e7o (108.167 unidades) e queda de 26,3% em rela\u00e7\u00e3o a abril de 2015 (108.167). No acumulado do ano, a queda foi de 26,6%, com 319.594 motocicletas licenciadas, contra 435.127 unidades, em 2015.<\/p>\n<p>Com o mesmo n\u00famero de dias \u00fateis de abril do ano passado (20 dias), a m\u00e9dia di\u00e1ria de vendas teve queda de 26,3%, passando de 5.408 para 3.984 motocicletas.<\/p>\n<p>Camila Boehm \u2013 Rep\u00f3rter da Ag\u00eancia Brasil<br \/>\nEdi\u00e7\u00e3o: Juliana Andrade<br \/>\n11\/05\/2016<\/p>\n","protected":false},"excerpt":{"rendered":"<p>Foram produzidas 63.036 motocicletas no pa\u00eds em abril deste ano, n\u00famero 21,7% inferior ao total de mar\u00e7o (80.530). Na compara\u00e7\u00e3o com abril de 2015, quando a produ\u00e7\u00e3o foi de 99.051 unidades, a redu\u00e7\u00e3o chega a 36,4%. No acumulado do ano, houve retra\u00e7\u00e3o de 36,4%, passando de 453.958 motocicletas, no per\u00edodo de janeiro a abril de [&hellip;]<\/p>\n","protected":false},"author":2,"featured_media":38938,"comment_status":"open","ping_status":"closed","sticky":false,"template":"","format":"standard","meta":{"_genesis_hide_title":false,"_genesis_hide_breadcrumbs":false,"_genesis_hide_singular_image":false,"_genesis_hide_footer_widgets":false,"_genesis_custom_body_class":"","_genesis_custom_post_class":"","_genesis_layout":"","_jetpack_memberships_contains_paid_content":false,"footnotes":""},"categories":[22,7],"tags":[],"class_list":{"0":"post-86037","1":"post","2":"type-post","3":"status-publish","4":"format-standard","5":"has-post-thumbnail","7":"category-brasil","8":"category-economia","9":"entry","10":"gs-1","11":"gs-odd","12":"gs-even","13":"gs-featured-content-entry"},"jetpack_featured_media_url":"https:\/\/www.redenoticia.com.br\/noticia\/imagens\/economia1.jpg","jetpack_sharing_enabled":true,"jetpack_likes_enabled":true,"_links":{"self":[{"href":"https:\/\/www.redenoticia.com.br\/noticia\/wp-json\/wp\/v2\/posts\/86037","targetHints":{"allow":["GET"]}}],"collection":[{"href":"https:\/\/www.redenoticia.com.br\/noticia\/wp-json\/wp\/v2\/posts"}],"about":[{"href":"https:\/\/www.redenoticia.com.br\/noticia\/wp-json\/wp\/v2\/types\/post"}],"author":[{"embeddable":true,"href":"https:\/\/www.redenoticia.com.br\/noticia\/wp-json\/wp\/v2\/users\/2"}],"replies":[{"embeddable":true,"href":"https:\/\/www.redenoticia.com.br\/noticia\/wp-json\/wp\/v2\/comments?post=86037"}],"version-history":[{"count":0,"href":"https:\/\/www.redenoticia.com.br\/noticia\/wp-json\/wp\/v2\/posts\/86037\/revisions"}],"wp:featuredmedia":[{"embeddable":true,"href":"https:\/\/www.redenoticia.com.br\/noticia\/wp-json\/wp\/v2\/media\/38938"}],"wp:attachment":[{"href":"https:\/\/www.redenoticia.com.br\/noticia\/wp-json\/wp\/v2\/media?parent=86037"}],"wp:term":[{"taxonomy":"category","embeddable":true,"href":"https:\/\/www.redenoticia.com.br\/noticia\/wp-json\/wp\/v2\/categories?post=86037"},{"taxonomy":"post_tag","embeddable":true,"href":"https:\/\/www.redenoticia.com.br\/noticia\/wp-json\/wp\/v2\/tags?post=86037"}],"curies":[{"name":"wp","href":"https:\/\/api.w.org\/{rel}","templated":true}]}}