{"id":86030,"date":"2016-05-11T10:15:31","date_gmt":"2016-05-11T13:15:31","guid":{"rendered":"http:\/\/www.redenoticia.com.br\/noticia\/?p=86030"},"modified":"2016-05-10T18:18:27","modified_gmt":"2016-05-10T21:18:27","slug":"brasil-e-portugal-lancam-acervo-online-de-bibliotecas-nacionais","status":"publish","type":"post","link":"https:\/\/www.redenoticia.com.br\/noticia\/2016\/brasil-e-portugal-lancam-acervo-online-de-bibliotecas-nacionais\/86030","title":{"rendered":"Brasil e Portugal lan\u00e7am acervo online de bibliotecas nacionais"},"content":{"rendered":"<p>Conhecer o acervo da <em><strong>Biblioteca Nacional de Portugal<\/strong><\/em>, incluindo originais da Torre do Tombo, que guarda arquivos hist\u00f3ricos das navega\u00e7\u00f5es e da chegada dos portugueses ao Brasil, em Lisboa, j\u00e1 \u00e9 poss\u00edvel sem precisar cruzar o Oceano Atl\u00e2ntico.<\/p>\n<p>Por meio de uma parceria com a Biblioteca Nacional, o acervo das duas institui\u00e7\u00f5es est\u00e1 sendo digitalizado e colocado \u00e0 disposi\u00e7\u00e3o do p\u00fablico na internet. S\u00e3o milhares de t\u00edtulos dos dois pa\u00edses, incluindo jornais e revistas, que podem ser acessados a qualquer hora do dia, de qualquer lugar do mundo. A expectativa \u00e9 atrair cerca de 100 mil acessos por m\u00eas.<\/p>\n<p>O material est\u00e1 reunido no portal , dispon\u00edvel com mais de 2 milh\u00f5es de documentos, sob dom\u00ednio p\u00fablico, de v\u00e1rias \u00e9pocas e g\u00eaneros. Entre eles, a primeira edi\u00e7\u00e3o de Os Lus\u00edadas, de Lu\u00eds de Cam\u00f5es, de 1572, e a Carta de Abertura dos Portos, de 1808, assinada pelo pr\u00edncipe regente, Dom Jo\u00e3o de Bragan\u00e7a, quatro dias ap\u00f3s a chegada da fam\u00edlia real \u00e0 Salvador.<\/p>\n<p>\u201c\u00c9 a primeira iniciativa a reunir cole\u00e7\u00f5es de l\u00edngua portuguesa, preservando o material \u2013 porque, no momento que voc\u00ea digitaliza, voc\u00ea evita o manuseio do original \u2013 e o mais importante, democratizando o acesso\u201d, disse a coordenadora da biblioteca, Angela Bettencourt.<\/p>\n<p>O acervo da Biblioteca Luso-Brasileira conta tamb\u00e9m com obras de 30 institui\u00e7\u00f5es de Portugal e mais 20 do Brasil, incluindo o Real Gabinete de Leitura, fundado por imigrantes portugueses no Rio, em 1837. O pr\u00e9dio \u00e9 tombado pelo Instituto do Patrim\u00f4nio Estadual.<\/p>\n<p>Esta \u00e9 a primeira vez que bibliotecas de pa\u00edses de l\u00edngua portuguesa se juntam para disponibilizar seus acervos conjuntamente e buscam se igualar a outras iniciativas mundiais. Na Europa, a Biblioteca Digital Europeia \u2013 Europeana, tem o maior acervo digital do mundo, com mais de 53 milh\u00f5es de t\u00edtulos entre livros, desenhos, pinturas, mapas, v\u00eddeos e fotos.<\/p>\n<p>De acordo com a coordenadora, o pr\u00f3ximo passo \u00e9 integrar acervos de pa\u00edses de l\u00edngua portuguesa de outros pa\u00edses e o primeiro deve ser Mo\u00e7ambique. \u201cEles j\u00e1 vieram aqui fazer um est\u00e1gio e, provavelmente, ser\u00e3o os primeiros a se juntar nesta iniciativa\u201d. A Biblioteca Digital Luso-Brasileira foi concebida em software livre.<\/p>\n<p>Isabela Vieira &#8211; Rep\u00f3rter da Ag\u00eancia Brasil<br \/>\nEdi\u00e7\u00e3o: Luana Louren\u00e7o<br \/>\n11\/05\/2016<\/p>\n","protected":false},"excerpt":{"rendered":"<p>Conhecer o acervo da Biblioteca Nacional de Portugal, incluindo originais da Torre do Tombo, que guarda arquivos hist\u00f3ricos das navega\u00e7\u00f5es e da chegada dos portugueses ao Brasil, em Lisboa, j\u00e1 \u00e9 poss\u00edvel sem precisar cruzar o Oceano Atl\u00e2ntico. Por meio de uma parceria com a Biblioteca Nacional, o acervo das duas institui\u00e7\u00f5es est\u00e1 sendo digitalizado [&hellip;]<\/p>\n","protected":false},"author":2,"featured_media":37419,"comment_status":"open","ping_status":"closed","sticky":false,"template":"","format":"standard","meta":{"_genesis_hide_title":false,"_genesis_hide_breadcrumbs":false,"_genesis_hide_singular_image":false,"_genesis_hide_footer_widgets":false,"_genesis_custom_body_class":"","_genesis_custom_post_class":"","_genesis_layout":"","_jetpack_memberships_contains_paid_content":false,"footnotes":""},"categories":[22],"tags":[],"class_list":{"0":"post-86030","1":"post","2":"type-post","3":"status-publish","4":"format-standard","5":"has-post-thumbnail","7":"category-brasil","8":"entry","9":"gs-1","10":"gs-odd","11":"gs-even","12":"gs-featured-content-entry"},"jetpack_featured_media_url":"https:\/\/www.redenoticia.com.br\/noticia\/imagens\/computador-tecnologia.jpg","jetpack_sharing_enabled":true,"jetpack_likes_enabled":true,"_links":{"self":[{"href":"https:\/\/www.redenoticia.com.br\/noticia\/wp-json\/wp\/v2\/posts\/86030","targetHints":{"allow":["GET"]}}],"collection":[{"href":"https:\/\/www.redenoticia.com.br\/noticia\/wp-json\/wp\/v2\/posts"}],"about":[{"href":"https:\/\/www.redenoticia.com.br\/noticia\/wp-json\/wp\/v2\/types\/post"}],"author":[{"embeddable":true,"href":"https:\/\/www.redenoticia.com.br\/noticia\/wp-json\/wp\/v2\/users\/2"}],"replies":[{"embeddable":true,"href":"https:\/\/www.redenoticia.com.br\/noticia\/wp-json\/wp\/v2\/comments?post=86030"}],"version-history":[{"count":0,"href":"https:\/\/www.redenoticia.com.br\/noticia\/wp-json\/wp\/v2\/posts\/86030\/revisions"}],"wp:featuredmedia":[{"embeddable":true,"href":"https:\/\/www.redenoticia.com.br\/noticia\/wp-json\/wp\/v2\/media\/37419"}],"wp:attachment":[{"href":"https:\/\/www.redenoticia.com.br\/noticia\/wp-json\/wp\/v2\/media?parent=86030"}],"wp:term":[{"taxonomy":"category","embeddable":true,"href":"https:\/\/www.redenoticia.com.br\/noticia\/wp-json\/wp\/v2\/categories?post=86030"},{"taxonomy":"post_tag","embeddable":true,"href":"https:\/\/www.redenoticia.com.br\/noticia\/wp-json\/wp\/v2\/tags?post=86030"}],"curies":[{"name":"wp","href":"https:\/\/api.w.org\/{rel}","templated":true}]}}