{"id":85955,"date":"2016-05-10T10:31:20","date_gmt":"2016-05-10T13:31:20","guid":{"rendered":"http:\/\/www.redenoticia.com.br\/noticia\/?p=85955"},"modified":"2016-05-09T18:32:31","modified_gmt":"2016-05-09T21:32:31","slug":"estimativa-de-inflacao-para-2016-passa-de-694-para-7","status":"publish","type":"post","link":"https:\/\/www.redenoticia.com.br\/noticia\/2016\/estimativa-de-inflacao-para-2016-passa-de-694-para-7\/85955","title":{"rendered":"Estimativa de infla\u00e7\u00e3o para 2016 passa de 6,94% para 7%"},"content":{"rendered":"<p> A proje\u00e7\u00e3o de institui\u00e7\u00f5es financeiras para a <strong><em>infla\u00e7\u00e3o<\/em><\/strong> este ano voltou a ser elevada com o \u00cdndice Nacional de Pre\u00e7os ao Consumidor Amplo (IPCA) passando de 6,94% para 7%. Para 2017, a estimativa foi reduzida de 5,72% para 5,62%, no quinto ajuste consecutivo.<\/p>\n<p>Os n\u00fameros s\u00e3o do Boletim Focus, divulgado \u00e0s segundas-feiras pelo Banco Central (BC). Ele traz proje\u00e7\u00f5es de institui\u00e7\u00f5es financeiras consultadas semanalmente sobre os principais indicadores da economia.<\/p>\n<p>Mesmo com as redu\u00e7\u00f5es, os c\u00e1lculos est\u00e3o acima do centro da meta de 4,5%. O limite superior da meta de infla\u00e7\u00e3o \u00e9 6,5%, este ano e 6%, em 2017.<\/p>\n<p>Para a taxa b\u00e1sica de juros (Selic), um dos instrumentos do Banco Central para conter a infla\u00e7\u00e3o, a proje\u00e7\u00e3o das institui\u00e7\u00f5es financeiras, ao final de 2016, foi reduzida de 13,25% para 13% ao ano. Para o fim de 2017, a expectativa continua em 11,75% ao ano. Atualmente, a Selic est\u00e1 em 14,25% ao ano.<\/p>\n<p>Atividade econ\u00f4mica<\/p>\n<p>A estimativa para a queda do Produto Interno Bruto (PIB), a soma de todos os bens e servi\u00e7os produzidos no pa\u00eds, foi alterada de 3,89% para 3,86%. Para 2017, a estimativa subiu de 0,40% para 0,50%, no terceiro ajuste seguido.<\/p>\n<p>A proje\u00e7\u00e3o para a queda da produ\u00e7\u00e3o industrial passou de 5,83% para 5,95%, este ano. Para 2017, a expectativa de crescimento foi ajustada de 0,50% para 0,74%.<\/p>\n<p>A proje\u00e7\u00e3o para a cota\u00e7\u00e3o do d\u00f3lar passou de R$ 3,72 para R$ 3,70 ao fim deste ano, e de R$ 3,91 para R$ 3,90, no fim de 2017.<\/p>\n<p>Daniel Lima &#8211; Rep\u00f3rter da Ag\u00eancia Brasil<br \/>\nEdi\u00e7\u00e3o: Kleber Sampaio<br \/>\n10\/05\/2016<\/p>\n","protected":false},"excerpt":{"rendered":"<p>A proje\u00e7\u00e3o de institui\u00e7\u00f5es financeiras para a infla\u00e7\u00e3o este ano voltou a ser elevada com o \u00cdndice Nacional de Pre\u00e7os ao Consumidor Amplo (IPCA) passando de 6,94% para 7%. Para 2017, a estimativa foi reduzida de 5,72% para 5,62%, no quinto ajuste consecutivo. Os n\u00fameros s\u00e3o do Boletim Focus, divulgado \u00e0s segundas-feiras pelo Banco Central [&hellip;]<\/p>\n","protected":false},"author":2,"featured_media":57584,"comment_status":"open","ping_status":"closed","sticky":false,"template":"","format":"standard","meta":{"_genesis_hide_title":false,"_genesis_hide_breadcrumbs":false,"_genesis_hide_singular_image":false,"_genesis_hide_footer_widgets":false,"_genesis_custom_body_class":"","_genesis_custom_post_class":"","_genesis_layout":"","_jetpack_memberships_contains_paid_content":false,"footnotes":""},"categories":[22,7],"tags":[],"class_list":{"0":"post-85955","1":"post","2":"type-post","3":"status-publish","4":"format-standard","5":"has-post-thumbnail","7":"category-brasil","8":"category-economia","9":"entry","10":"gs-1","11":"gs-odd","12":"gs-even","13":"gs-featured-content-entry"},"jetpack_featured_media_url":"https:\/\/www.redenoticia.com.br\/noticia\/imagens\/economia-grafica-analise-inflacao.jpg","jetpack_sharing_enabled":true,"jetpack_likes_enabled":true,"_links":{"self":[{"href":"https:\/\/www.redenoticia.com.br\/noticia\/wp-json\/wp\/v2\/posts\/85955","targetHints":{"allow":["GET"]}}],"collection":[{"href":"https:\/\/www.redenoticia.com.br\/noticia\/wp-json\/wp\/v2\/posts"}],"about":[{"href":"https:\/\/www.redenoticia.com.br\/noticia\/wp-json\/wp\/v2\/types\/post"}],"author":[{"embeddable":true,"href":"https:\/\/www.redenoticia.com.br\/noticia\/wp-json\/wp\/v2\/users\/2"}],"replies":[{"embeddable":true,"href":"https:\/\/www.redenoticia.com.br\/noticia\/wp-json\/wp\/v2\/comments?post=85955"}],"version-history":[{"count":0,"href":"https:\/\/www.redenoticia.com.br\/noticia\/wp-json\/wp\/v2\/posts\/85955\/revisions"}],"wp:featuredmedia":[{"embeddable":true,"href":"https:\/\/www.redenoticia.com.br\/noticia\/wp-json\/wp\/v2\/media\/57584"}],"wp:attachment":[{"href":"https:\/\/www.redenoticia.com.br\/noticia\/wp-json\/wp\/v2\/media?parent=85955"}],"wp:term":[{"taxonomy":"category","embeddable":true,"href":"https:\/\/www.redenoticia.com.br\/noticia\/wp-json\/wp\/v2\/categories?post=85955"},{"taxonomy":"post_tag","embeddable":true,"href":"https:\/\/www.redenoticia.com.br\/noticia\/wp-json\/wp\/v2\/tags?post=85955"}],"curies":[{"name":"wp","href":"https:\/\/api.w.org\/{rel}","templated":true}]}}