{"id":85953,"date":"2016-05-10T10:28:43","date_gmt":"2016-05-10T13:28:43","guid":{"rendered":"http:\/\/www.redenoticia.com.br\/noticia\/?p=85953"},"modified":"2016-05-09T18:31:14","modified_gmt":"2016-05-09T21:31:14","slug":"lucro-liquido-da-caixa-economica-cai-459-no-primeiro-trimestre-de-2016","status":"publish","type":"post","link":"https:\/\/www.redenoticia.com.br\/noticia\/2016\/lucro-liquido-da-caixa-economica-cai-459-no-primeiro-trimestre-de-2016\/85953","title":{"rendered":"Lucro l\u00edquido da Caixa Econ\u00f4mica cai 45,9% no primeiro trimestre de 2016"},"content":{"rendered":"<p> A <strong><em>Caixa<\/em><\/strong> Econ\u00f4mica Federal registrou queda de 45,9% no lucro l\u00edquido do primeiro trimestre de 2016 em compara\u00e7\u00e3o com o mesmo per\u00edodo do ano passado. Enquanto foram registrados R$ 838 milh\u00f5es nos tr\u00eas primeiros meses de 2016, no mesmo per\u00edodo de 2015 o lucro chegou a R$ 1,548 bilh\u00e3o. Se comparado ao \u00faltimo trimestre de 2015, quando o lucro l\u00edquido foi de R$ 636 milh\u00f5es, o resultado representa um aumento de 31,7% .<\/p>\n<p>Entre os n\u00fameros divulgados pela Caixa, figura o resultado operacional no primeiro trimestre, que foi de R$ 385,3 milh\u00f5es, mostrando eleva\u00e7\u00e3o em rela\u00e7\u00e3o aos dois \u00faltimos trimestres de 2015.<\/p>\n<p>O \u00edndice de inadimpl\u00eancia caiu 0,04 ponto percentual e encerrou o primeiro trimestre em 3,51%, abaixo da m\u00e9dia de mercado, de 3,55%. As despesas com provis\u00e3o para cr\u00e9dito de liquida\u00e7\u00e3o duvidosa diminu\u00edram em 24,2% em 12 meses e 3,6% em rela\u00e7\u00e3o ao trimestre anterior, totalizando R$ 3,8 bilh\u00f5es.<\/p>\n<p>Avan\u00e7o do cr\u00e9dito<\/p>\n<p>A carteira de cr\u00e9dito ampla avan\u00e7ou 9,2% em 12 meses e 0,7% no trimestre. O saldo alcan\u00e7ou R$ 684,2 bilh\u00f5es, representando 21,5% do mercado, aumento de 1,2 ponto percentual em 12 meses, sendo o cr\u00e9dito habitacional o principal destaque, com amplia\u00e7\u00e3o de 9,8% em rela\u00e7\u00e3o ao primeiro trimestre de 2015, e de 1,2% no trimestre. A carteira de financiamento imobili\u00e1rio alcan\u00e7ou saldo de R$ 388,9 bilh\u00f5es e 66,9% de participa\u00e7\u00e3o no mercado.<\/p>\n<p>As opera\u00e7\u00f5es comerciais com pessoas f\u00edsicas e jur\u00eddicas totalizaram R$ 198,1 bilh\u00f5es, alta de 3,0% em 12 meses. O destaque foi o cr\u00e9dito consignado, que cresceu 12,1%, fechando o m\u00eas de mar\u00e7o com saldo de R$ 60,5 bilh\u00f5es e participa\u00e7\u00e3o no mercado de 21,7%, ganho de 0.9 ponto percentual em 12 meses. As opera\u00e7\u00f5es de saneamento e infraestrutura apresentaram, no trimestre, saldo de R$ 73,1 bilh\u00f5es, avan\u00e7o de 21,5% em 12 meses.<\/p>\n<p>O crescimento das opera\u00e7\u00f5es de habita\u00e7\u00e3o, saneamento e infraestrutura e consignado responderam por 94,6% da evolu\u00e7\u00e3o da carteira de cr\u00e9dito da Caixa, o que refor\u00e7a seu perfil de baixo risco, informou o banco.<\/p>\n<p>As capta\u00e7\u00f5es totais da Caixa alcan\u00e7aram R$ 921,1 bilh\u00f5es no primeiro trimestre de 2016, com crescimento de 8,2 % em 12 meses, e em volume suficiente para cobrir 134,6% da carteira de cr\u00e9dito. A evolu\u00e7\u00e3o no saldo foi influenciada, principalmente, pelos acr\u00e9scimos de 18,3% no CDB, 14,8% nas letras de cr\u00e9dito imobili\u00e1rias, 10,9% nas emiss\u00f5es internacionais e 14,9% em empr\u00e9stimos e repasses.<\/p>\n<p>Os dep\u00f3sitos tiveram crescimento de R$ 29,9 bilh\u00f5es em 12 meses, totalizando R$ 450,3 bilh\u00f5es em mar\u00e7o de 2016. A poupan\u00e7a, com saldo de R$ 238,4 bilh\u00f5es, continua sendo a fonte de recursos mais importante da Caixa.<\/p>\n<p>Da Ag\u00eancia Brasil<br \/>\nEdi\u00e7\u00e3o: Kleber Sampaio<br \/>\n10\/05\/2016<\/p>\n","protected":false},"excerpt":{"rendered":"<p>A Caixa Econ\u00f4mica Federal registrou queda de 45,9% no lucro l\u00edquido do primeiro trimestre de 2016 em compara\u00e7\u00e3o com o mesmo per\u00edodo do ano passado. Enquanto foram registrados R$ 838 milh\u00f5es nos tr\u00eas primeiros meses de 2016, no mesmo per\u00edodo de 2015 o lucro chegou a R$ 1,548 bilh\u00e3o. Se comparado ao \u00faltimo trimestre de [&hellip;]<\/p>\n","protected":false},"author":2,"featured_media":34928,"comment_status":"open","ping_status":"closed","sticky":false,"template":"","format":"standard","meta":{"_genesis_hide_title":false,"_genesis_hide_breadcrumbs":false,"_genesis_hide_singular_image":false,"_genesis_hide_footer_widgets":false,"_genesis_custom_body_class":"","_genesis_custom_post_class":"","_genesis_layout":"","_jetpack_memberships_contains_paid_content":false,"footnotes":""},"categories":[22,7],"tags":[],"class_list":{"0":"post-85953","1":"post","2":"type-post","3":"status-publish","4":"format-standard","5":"has-post-thumbnail","7":"category-brasil","8":"category-economia","9":"entry","10":"gs-1","11":"gs-odd","12":"gs-even","13":"gs-featured-content-entry"},"jetpack_featured_media_url":"https:\/\/www.redenoticia.com.br\/noticia\/imagens\/caixa.jpg","jetpack_sharing_enabled":true,"jetpack_likes_enabled":true,"_links":{"self":[{"href":"https:\/\/www.redenoticia.com.br\/noticia\/wp-json\/wp\/v2\/posts\/85953","targetHints":{"allow":["GET"]}}],"collection":[{"href":"https:\/\/www.redenoticia.com.br\/noticia\/wp-json\/wp\/v2\/posts"}],"about":[{"href":"https:\/\/www.redenoticia.com.br\/noticia\/wp-json\/wp\/v2\/types\/post"}],"author":[{"embeddable":true,"href":"https:\/\/www.redenoticia.com.br\/noticia\/wp-json\/wp\/v2\/users\/2"}],"replies":[{"embeddable":true,"href":"https:\/\/www.redenoticia.com.br\/noticia\/wp-json\/wp\/v2\/comments?post=85953"}],"version-history":[{"count":0,"href":"https:\/\/www.redenoticia.com.br\/noticia\/wp-json\/wp\/v2\/posts\/85953\/revisions"}],"wp:featuredmedia":[{"embeddable":true,"href":"https:\/\/www.redenoticia.com.br\/noticia\/wp-json\/wp\/v2\/media\/34928"}],"wp:attachment":[{"href":"https:\/\/www.redenoticia.com.br\/noticia\/wp-json\/wp\/v2\/media?parent=85953"}],"wp:term":[{"taxonomy":"category","embeddable":true,"href":"https:\/\/www.redenoticia.com.br\/noticia\/wp-json\/wp\/v2\/categories?post=85953"},{"taxonomy":"post_tag","embeddable":true,"href":"https:\/\/www.redenoticia.com.br\/noticia\/wp-json\/wp\/v2\/tags?post=85953"}],"curies":[{"name":"wp","href":"https:\/\/api.w.org\/{rel}","templated":true}]}}