{"id":85951,"date":"2016-05-10T10:26:01","date_gmt":"2016-05-10T13:26:01","guid":{"rendered":"http:\/\/www.redenoticia.com.br\/noticia\/?p=85951"},"modified":"2016-05-09T18:28:38","modified_gmt":"2016-05-09T21:28:38","slug":"inflacao-pelo-ipc-s-tem-alta-de-064-em-sete-capitais","status":"publish","type":"post","link":"https:\/\/www.redenoticia.com.br\/noticia\/2016\/inflacao-pelo-ipc-s-tem-alta-de-064-em-sete-capitais\/85951","title":{"rendered":"Infla\u00e7\u00e3o pelo IPC-S tem alta de 0,64% em sete capitais"},"content":{"rendered":"<p> O <strong><em>\u00cdndice de Pre\u00e7os ao Consumidor Semanal<\/em><\/strong> (IPC-S) atingiu alta de 0,64% na primeira pr\u00e9via de maio, o que representa um acr\u00e9scimo de 0,15 ponto percentual sobre o resultado do fechamento de abril (0,49%). Essa eleva\u00e7\u00e3o foi puxada, principalmente, pelo grupo alimenta\u00e7\u00e3o (de 0,69% para 0,96%). Entre os itens que mais subiram de pre\u00e7o est\u00e3o as hortali\u00e7as e legumes (de -1,92% para 2,16%).<\/p>\n<p>O levantamento em torno do IPC-S \u00e9 feito desde 2003 pelo Instituto Brasileiro de Economia, da Funda\u00e7\u00e3o Getulio Vargas (Ibre\/FGVC), em sete localidades: Recife, Salvador, Rio de Janeiro, S\u00e3o Paulo, Belo Horizonte, Bras\u00edlia e Porto Alegre. A coleta de varia\u00e7\u00f5es de pre\u00e7os refere-se ao per\u00edodo de uma semana comparado aos 30 dias imediatamente anteriores.<\/p>\n<p>Exce\u00e7\u00e3o<\/p>\n<p>Dos oito grupos pesquisados, apenas um, o de transportes, indicou perda no ritmo de corre\u00e7\u00e3o de pre\u00e7os , na primeira quadrissemana de maio, ao passar de 0,32% para 0,20%. Em habita\u00e7\u00e3o, o \u00edndice manteve-se em queda de -0,14%, por\u00e9m, tinha apresentado um recuo mais expressivo na apura\u00e7\u00e3o passada de 0,29%. Tamb\u00e9m diminuiu a intensidade de redu\u00e7\u00e3o do \u00edndice no grupo educa\u00e7\u00e3o, leitura e recrea\u00e7\u00e3o (de -0,09% para -0,05%).<\/p>\n<p>Em sa\u00fade e cuidados pessoais, a taxa avan\u00e7ou de 2,41% para 2,63%. No grupo despesas diversas houve alta de 1,01% ante 0,28%; em vestu\u00e1rio, foi constatada eleva\u00e7\u00e3o, de 0,74% para 0,91% e, em comunica\u00e7\u00e3o, de 0,14% para 0,21%.<\/p>\n<p>Os itens que mais contribu\u00edram para a alta foram: batata-inglesa (23,32%); vasodilatador para press\u00e3o arterial (7,77%); mam\u00e3o papaya (20,88%); plano e seguro de sa\u00fade (1,04%) e leite tipo longa vida (4,79%)<\/p>\n<p>J\u00e1 os itens que evitaram um avan\u00e7o maior da infla\u00e7\u00e3o foram: tarifa de eletricidade residencial (-2,31%); etanol (-5,06%); tomate (-13,74%); excurs\u00e3o e tour (-3,46%) e cenoura (-11,24%).<\/p>\n<p>Marli Moreira &#8211; Rep\u00f3rter da Ag\u00eancia Brasil<br \/>\nEdi\u00e7\u00e3o: Kleber Sampaio<br \/>\n10\/05\/2016<\/p>\n","protected":false},"excerpt":{"rendered":"<p>O \u00cdndice de Pre\u00e7os ao Consumidor Semanal (IPC-S) atingiu alta de 0,64% na primeira pr\u00e9via de maio, o que representa um acr\u00e9scimo de 0,15 ponto percentual sobre o resultado do fechamento de abril (0,49%). Essa eleva\u00e7\u00e3o foi puxada, principalmente, pelo grupo alimenta\u00e7\u00e3o (de 0,69% para 0,96%). Entre os itens que mais subiram de pre\u00e7o est\u00e3o [&hellip;]<\/p>\n","protected":false},"author":2,"featured_media":34916,"comment_status":"open","ping_status":"closed","sticky":false,"template":"","format":"standard","meta":{"_genesis_hide_title":false,"_genesis_hide_breadcrumbs":false,"_genesis_hide_singular_image":false,"_genesis_hide_footer_widgets":false,"_genesis_custom_body_class":"","_genesis_custom_post_class":"","_genesis_layout":"","_jetpack_memberships_contains_paid_content":false,"footnotes":""},"categories":[22,7],"tags":[],"class_list":{"0":"post-85951","1":"post","2":"type-post","3":"status-publish","4":"format-standard","5":"has-post-thumbnail","7":"category-brasil","8":"category-economia","9":"entry","10":"gs-1","11":"gs-odd","12":"gs-even","13":"gs-featured-content-entry"},"jetpack_featured_media_url":"https:\/\/www.redenoticia.com.br\/noticia\/imagens\/inflacao.jpg","jetpack_sharing_enabled":true,"jetpack_likes_enabled":true,"_links":{"self":[{"href":"https:\/\/www.redenoticia.com.br\/noticia\/wp-json\/wp\/v2\/posts\/85951","targetHints":{"allow":["GET"]}}],"collection":[{"href":"https:\/\/www.redenoticia.com.br\/noticia\/wp-json\/wp\/v2\/posts"}],"about":[{"href":"https:\/\/www.redenoticia.com.br\/noticia\/wp-json\/wp\/v2\/types\/post"}],"author":[{"embeddable":true,"href":"https:\/\/www.redenoticia.com.br\/noticia\/wp-json\/wp\/v2\/users\/2"}],"replies":[{"embeddable":true,"href":"https:\/\/www.redenoticia.com.br\/noticia\/wp-json\/wp\/v2\/comments?post=85951"}],"version-history":[{"count":0,"href":"https:\/\/www.redenoticia.com.br\/noticia\/wp-json\/wp\/v2\/posts\/85951\/revisions"}],"wp:featuredmedia":[{"embeddable":true,"href":"https:\/\/www.redenoticia.com.br\/noticia\/wp-json\/wp\/v2\/media\/34916"}],"wp:attachment":[{"href":"https:\/\/www.redenoticia.com.br\/noticia\/wp-json\/wp\/v2\/media?parent=85951"}],"wp:term":[{"taxonomy":"category","embeddable":true,"href":"https:\/\/www.redenoticia.com.br\/noticia\/wp-json\/wp\/v2\/categories?post=85951"},{"taxonomy":"post_tag","embeddable":true,"href":"https:\/\/www.redenoticia.com.br\/noticia\/wp-json\/wp\/v2\/tags?post=85951"}],"curies":[{"name":"wp","href":"https:\/\/api.w.org\/{rel}","templated":true}]}}