{"id":85949,"date":"2016-05-10T10:24:27","date_gmt":"2016-05-10T13:24:27","guid":{"rendered":"http:\/\/www.redenoticia.com.br\/noticia\/?p=85949"},"modified":"2016-05-09T18:25:53","modified_gmt":"2016-05-09T21:25:53","slug":"juros-para-pessoas-fisicas-sobem-e-ultrapassam-150-ao-ano","status":"publish","type":"post","link":"https:\/\/www.redenoticia.com.br\/noticia\/2016\/juros-para-pessoas-fisicas-sobem-e-ultrapassam-150-ao-ano\/85949","title":{"rendered":"Juros para pessoas f\u00edsicas sobem e ultrapassam 150% ao ano"},"content":{"rendered":"<p> As seis linhas de cr\u00e9dito dispon\u00edveis para pessoas f\u00edsicas &#8211; pesquisadas pela Associa\u00e7\u00e3o Nacional de Executivos de Finan\u00e7as, Administra\u00e7\u00e3o e Contabilidade (Anefac) &#8211; apresentaram <strong><em>eleva\u00e7\u00e3o de juros<\/em><\/strong> entre mar\u00e7o e abril indicando taxa m\u00e9dia anual de 150,42%, o que significa alta de 62,45 pontos percentuais. Tamb\u00e9m subiram as tr\u00eas modalidades destinadas a empresas, com m\u00e9dia de 71,15% ao ano. Segundo a Anefac, foi a 19\u00aa eleva\u00e7\u00e3o seguida.<\/p>\n<p>Em rela\u00e7\u00e3o a pessoas f\u00edsicas, a rolagem do d\u00e9bito pelo cart\u00e3o de cr\u00e9dito continua sendo o tipo de financiamento mais caro, alcan\u00e7ando 435,58% ao ano. A taxa mensal subiu 9,37% (em mar\u00e7o) para 15,01% (em abril).<\/p>\n<p>A segunda modalidade mais onerosa para o consumidor \u00e9 o cheque especial que aumentou de 7,72% ao m\u00eas (em mar\u00e7o) para 11,46% (em abril), atingindo 267,64% ao ano. No com\u00e9rcio, o \u00edndice aumentou de 4% para 5,82%, o que ao ano representa 97,16%.<\/p>\n<p>Se a op\u00e7\u00e3o for recorrer ao empr\u00e9stimo pessoal em financeiras, o consumidor ir\u00e1 pagar 8,41% ao m\u00eas de corre\u00e7\u00e3o sobre o valor tomado ante uma taxa de 6,88%, em mar\u00e7o. Essa varia\u00e7\u00e3o equivale a uma taxa anual de 163,53%. J\u00e1 o empr\u00e9stimo nos bancos passou de 2,91% para 4,64% com taxa ao ano de 72,33%.<\/p>\n<p>O acesso com o menor custo \u00e9 ao Cr\u00e9dito Direito ao Consumidor (CDC), mas que, igualmente, ficou mais caro ao subir de 1,52% para 2,35%, o que resulta em 32,15% ao ano.<\/p>\n<p>A Anefac observa que o Banco Central corrigiu a taxa b\u00e1sica de juros (Selic), que praticamente dobrou no per\u00edodo de mar\u00e7o de 2013 a abril de 2016, subindo de 7,25% ao ano para 14,25%. No mesmo per\u00edodo, a taxa de juros m\u00e9dia para pessoa f\u00edsica aumentou 70,99% (de 87,97% para 150,42%).<\/p>\n<p>Cr\u00e9dito para as empresas<\/p>\n<p>Em maio, as empresas est\u00e3o pagando em m\u00e9dia 1,78% a mais para recorrer ao cr\u00e9dito em rela\u00e7\u00e3o a mar\u00e7o. Na m\u00e9dia, a taxa atingiu 4,58% ao m\u00eas e 71,15% ao ano. Os recursos para capital de giro subiram de 1,49% para 2,68% ao m\u00eas. Para as opera\u00e7\u00f5es de desconto de duplicatas, a alta foi de 2,22% para 3,1% e conta garantida, de 5,46% para 7,95%.<\/p>\n<p>Em nota, o diretor executivo de estudos da Anefac, Miguel Jos\u00e9 Ribeiro de Oliveira, justificou que o atual cen\u00e1rio econ\u00f4mico induz aos riscos de inadimpl\u00eancia. Ele observou que as institui\u00e7\u00f5es financeiras aumentam as taxas como forma de compensar eventuais perdas que podem ocorrer em uma situa\u00e7\u00e3o de crise financeira no pa\u00eds, resultante da alta da infla\u00e7\u00e3o , de impostos, do desemprego e da queda da renda familiar.<\/p>\n<p>Ele prev\u00ea a manuten\u00e7\u00e3o dos juros altos para os pr\u00f3ximos meses. \u201cAs perspectivas para os pr\u00f3ximos meses n\u00e3o s\u00e3o animadoras, tendo em vista o cen\u00e1rio econ\u00f4mico atual, que aumenta o risco de eleva\u00e7\u00e3o dos \u00edndices de inadimpl\u00eancia. A tend\u00eancia \u00e9 de que as taxas de juros das opera\u00e7\u00f5es de cr\u00e9dito voltem a ser elevadas nos pr\u00f3ximos meses\u201d, afirmou Oliveira.<\/p>\n<p>Marli Moreira &#8211; Rep\u00f3rter da Ag\u00eancia Brasil<br \/>\nEdi\u00e7\u00e3o: Kleber Sampaio<br \/>\n10\/05\/2016<\/p>\n","protected":false},"excerpt":{"rendered":"<p>As seis linhas de cr\u00e9dito dispon\u00edveis para pessoas f\u00edsicas &#8211; pesquisadas pela Associa\u00e7\u00e3o Nacional de Executivos de Finan\u00e7as, Administra\u00e7\u00e3o e Contabilidade (Anefac) &#8211; apresentaram eleva\u00e7\u00e3o de juros entre mar\u00e7o e abril indicando taxa m\u00e9dia anual de 150,42%, o que significa alta de 62,45 pontos percentuais. Tamb\u00e9m subiram as tr\u00eas modalidades destinadas a empresas, com m\u00e9dia [&hellip;]<\/p>\n","protected":false},"author":2,"featured_media":38940,"comment_status":"open","ping_status":"closed","sticky":false,"template":"","format":"standard","meta":{"_genesis_hide_title":false,"_genesis_hide_breadcrumbs":false,"_genesis_hide_singular_image":false,"_genesis_hide_footer_widgets":false,"_genesis_custom_body_class":"","_genesis_custom_post_class":"","_genesis_layout":"","_jetpack_memberships_contains_paid_content":false,"footnotes":""},"categories":[22,7],"tags":[],"class_list":{"0":"post-85949","1":"post","2":"type-post","3":"status-publish","4":"format-standard","5":"has-post-thumbnail","7":"category-brasil","8":"category-economia","9":"entry","10":"gs-1","11":"gs-odd","12":"gs-even","13":"gs-featured-content-entry"},"jetpack_featured_media_url":"https:\/\/www.redenoticia.com.br\/noticia\/imagens\/grafico.jpg","jetpack_sharing_enabled":true,"jetpack_likes_enabled":true,"_links":{"self":[{"href":"https:\/\/www.redenoticia.com.br\/noticia\/wp-json\/wp\/v2\/posts\/85949","targetHints":{"allow":["GET"]}}],"collection":[{"href":"https:\/\/www.redenoticia.com.br\/noticia\/wp-json\/wp\/v2\/posts"}],"about":[{"href":"https:\/\/www.redenoticia.com.br\/noticia\/wp-json\/wp\/v2\/types\/post"}],"author":[{"embeddable":true,"href":"https:\/\/www.redenoticia.com.br\/noticia\/wp-json\/wp\/v2\/users\/2"}],"replies":[{"embeddable":true,"href":"https:\/\/www.redenoticia.com.br\/noticia\/wp-json\/wp\/v2\/comments?post=85949"}],"version-history":[{"count":0,"href":"https:\/\/www.redenoticia.com.br\/noticia\/wp-json\/wp\/v2\/posts\/85949\/revisions"}],"wp:featuredmedia":[{"embeddable":true,"href":"https:\/\/www.redenoticia.com.br\/noticia\/wp-json\/wp\/v2\/media\/38940"}],"wp:attachment":[{"href":"https:\/\/www.redenoticia.com.br\/noticia\/wp-json\/wp\/v2\/media?parent=85949"}],"wp:term":[{"taxonomy":"category","embeddable":true,"href":"https:\/\/www.redenoticia.com.br\/noticia\/wp-json\/wp\/v2\/categories?post=85949"},{"taxonomy":"post_tag","embeddable":true,"href":"https:\/\/www.redenoticia.com.br\/noticia\/wp-json\/wp\/v2\/tags?post=85949"}],"curies":[{"name":"wp","href":"https:\/\/api.w.org\/{rel}","templated":true}]}}