{"id":85947,"date":"2016-05-10T10:21:08","date_gmt":"2016-05-10T13:21:08","guid":{"rendered":"http:\/\/www.redenoticia.com.br\/noticia\/?p=85947"},"modified":"2016-05-09T18:24:23","modified_gmt":"2016-05-09T21:24:23","slug":"petrobras-antecipa-financiamento-de-us-1-bi-de-banco-chines","status":"publish","type":"post","link":"https:\/\/www.redenoticia.com.br\/noticia\/2016\/petrobras-antecipa-financiamento-de-us-1-bi-de-banco-chines\/85947","title":{"rendered":"Petrobras antecipa financiamento de US$ 1 bi de banco chin\u00eas"},"content":{"rendered":"<p> A <strong><em>Petrobras<\/em><\/strong> informou, em nota oficial, a antecipa\u00e7\u00e3o de financiamento de US$ 1 bilh\u00e3o junto ao banco de fomento \u00e0 importa\u00e7\u00e3o e exporta\u00e7\u00e3o da China. Na nota, a estatal informa ter assinado \u201cum Termo de Compromisso com o China Exim Bank (Export-Import Bank of China) contendo os principais termos e condi\u00e7\u00f5es para um financiamento de US$ 1 bilh\u00e3o.\u201d<\/p>\n<p>A Petrobras informa, ainda, que \u201cj\u00e1 foi iniciada a negocia\u00e7\u00e3o do contrato definitivo do financiamento, que representa uma antecipa\u00e7\u00e3o da capta\u00e7\u00e3o de recursos prevista para 2017.\u201d<\/p>\n<p>O acordo est\u00e1 relacionado a contratos de fornecimento de equipamentos e servi\u00e7os, j\u00e1 firmados pela Petrobras com fornecedores chineses, para atendimento aos projetos da companhia previstos no Plano de Neg\u00f3cios e Gest\u00e3o 2015-2019.<\/p>\n<p>Segundo a Petrobras, a opera\u00e7\u00e3o faz parte da estrat\u00e9gia financeira da Petrobras de diversificar suas fontes de financiamento.<\/p>\n<p>Nielmar de Oliveira &#8211; Rep\u00f3rter da Ag\u00eancia Brasil<br \/>\nEdi\u00e7\u00e3o: Kleber Sampaio<br \/>\n10\/05\/2016<br \/>\n&#8212;<\/p>\n<p>A Empresa Brasil de Comunica\u00e7\u00e3o \u00e9 uma institui\u00e7\u00e3o da democracia brasileira: p\u00fablica, inclusiva e cidad\u00e3. Criada em 2007 para fortalecer o sistema p\u00fablico de comunica\u00e7\u00e3o, \u00e9 gestora dos canais TV Brasil, TV Brasil Internacional, Ag\u00eancia Brasil, Radioag\u00eancia Nacional e do sistema p\u00fablico de R\u00e1dio \u2013 composto por oito emissoras. Estes, por sua independ\u00eancia editorial, distinguem-se dos canais estatais ou governamentais, com conte\u00fados diferenciados e complementares aos canais privados. Os ve\u00edculos da EBC t\u00eam autonomia para definir produ\u00e7\u00e3o, programa\u00e7\u00e3o e distribui\u00e7\u00e3o de conte\u00fados.<\/p>\n","protected":false},"excerpt":{"rendered":"<p>A Petrobras informou, em nota oficial, a antecipa\u00e7\u00e3o de financiamento de US$ 1 bilh\u00e3o junto ao banco de fomento \u00e0 importa\u00e7\u00e3o e exporta\u00e7\u00e3o da China. Na nota, a estatal informa ter assinado \u201cum Termo de Compromisso com o China Exim Bank (Export-Import Bank of China) contendo os principais termos e condi\u00e7\u00f5es para um financiamento de [&hellip;]<\/p>\n","protected":false},"author":2,"featured_media":40734,"comment_status":"open","ping_status":"closed","sticky":false,"template":"","format":"standard","meta":{"_genesis_hide_title":false,"_genesis_hide_breadcrumbs":false,"_genesis_hide_singular_image":false,"_genesis_hide_footer_widgets":false,"_genesis_custom_body_class":"","_genesis_custom_post_class":"","_genesis_layout":"","_jetpack_memberships_contains_paid_content":false,"footnotes":""},"categories":[22,7],"tags":[],"class_list":{"0":"post-85947","1":"post","2":"type-post","3":"status-publish","4":"format-standard","5":"has-post-thumbnail","7":"category-brasil","8":"category-economia","9":"entry","10":"gs-1","11":"gs-odd","12":"gs-even","13":"gs-featured-content-entry"},"jetpack_featured_media_url":"https:\/\/www.redenoticia.com.br\/noticia\/imagens\/economia-resultados.jpg","jetpack_sharing_enabled":true,"jetpack_likes_enabled":true,"_links":{"self":[{"href":"https:\/\/www.redenoticia.com.br\/noticia\/wp-json\/wp\/v2\/posts\/85947","targetHints":{"allow":["GET"]}}],"collection":[{"href":"https:\/\/www.redenoticia.com.br\/noticia\/wp-json\/wp\/v2\/posts"}],"about":[{"href":"https:\/\/www.redenoticia.com.br\/noticia\/wp-json\/wp\/v2\/types\/post"}],"author":[{"embeddable":true,"href":"https:\/\/www.redenoticia.com.br\/noticia\/wp-json\/wp\/v2\/users\/2"}],"replies":[{"embeddable":true,"href":"https:\/\/www.redenoticia.com.br\/noticia\/wp-json\/wp\/v2\/comments?post=85947"}],"version-history":[{"count":0,"href":"https:\/\/www.redenoticia.com.br\/noticia\/wp-json\/wp\/v2\/posts\/85947\/revisions"}],"wp:featuredmedia":[{"embeddable":true,"href":"https:\/\/www.redenoticia.com.br\/noticia\/wp-json\/wp\/v2\/media\/40734"}],"wp:attachment":[{"href":"https:\/\/www.redenoticia.com.br\/noticia\/wp-json\/wp\/v2\/media?parent=85947"}],"wp:term":[{"taxonomy":"category","embeddable":true,"href":"https:\/\/www.redenoticia.com.br\/noticia\/wp-json\/wp\/v2\/categories?post=85947"},{"taxonomy":"post_tag","embeddable":true,"href":"https:\/\/www.redenoticia.com.br\/noticia\/wp-json\/wp\/v2\/tags?post=85947"}],"curies":[{"name":"wp","href":"https:\/\/api.w.org\/{rel}","templated":true}]}}