{"id":85945,"date":"2016-05-10T10:19:39","date_gmt":"2016-05-10T13:19:39","guid":{"rendered":"http:\/\/www.redenoticia.com.br\/noticia\/?p=85945"},"modified":"2016-05-09T18:21:02","modified_gmt":"2016-05-09T21:21:02","slug":"vendas-do-dia-das-maes-caem-84-e-registram-pior-desempenho-desde-2003","status":"publish","type":"post","link":"https:\/\/www.redenoticia.com.br\/noticia\/2016\/vendas-do-dia-das-maes-caem-84-e-registram-pior-desempenho-desde-2003\/85945","title":{"rendered":"Vendas do Dia das M\u00e3es caem 8,4% e registram pior desempenho desde 2003"},"content":{"rendered":"<p> As <strong><em>vendas da semana do Dia das M\u00e3es<\/em><\/strong> (2 a 8 de maio) ca\u00edram 8,4% com rela\u00e7\u00e3o ao ano passado e tiveram o pior desempenho desde o in\u00edcio da s\u00e9rie do Indicador Serasa Experian de Atividade do Com\u00e9rcio, em 2003. De acordo com balan\u00e7o divulgado, na compara\u00e7\u00e3o com o mesmo fim de semana de 2015 o fim de semana da data (6 a 8 de maio) registrou queda de 9,5% em todo o pa\u00eds.<\/p>\n<p>Na cidade de S\u00e3o Paulo, as vendas da semana do Dia das M\u00e3es ca\u00edram 8,2% ante a mesma semana do ano passado. No fim de semana da data, as vendas tiveram queda de 10,6% em rela\u00e7\u00e3o ao mesmo per\u00edodo do ano anterior.<\/p>\n<p>De acordo com os economistas da Serasa Experian, \u201ca queda do poder de compra dos brasileiros, tendo em vista a escalada do desemprego, e a infla\u00e7\u00e3o ainda em patamar elevado, afetaram negativamente o movimento varejista do Dia das M\u00e3es deste ano\u201d. Al\u00e9m disso, eles destacam o cr\u00e9dito mais caro e escasso.<\/p>\n<p>Fl\u00e1via Albuquerque &#8211; Rep\u00f3rter da Ag\u00eancia Brasil<br \/>\nEdi\u00e7\u00e3o: Armando Cardoso<br \/>\n10\/05\/2016<br \/>\n&#8212;<\/p>\n<p>A Empresa Brasil de Comunica\u00e7\u00e3o \u00e9 uma institui\u00e7\u00e3o da democracia brasileira: p\u00fablica, inclusiva e cidad\u00e3. Criada em 2007 para fortalecer o sistema p\u00fablico de comunica\u00e7\u00e3o, \u00e9 gestora dos canais TV Brasil, TV Brasil Internacional, Ag\u00eancia Brasil, Radioag\u00eancia Nacional e do sistema p\u00fablico de R\u00e1dio \u2013 composto por oito emissoras. Estes, por sua independ\u00eancia editorial, distinguem-se dos canais estatais ou governamentais, com conte\u00fados diferenciados e complementares aos canais privados. Os ve\u00edculos da EBC t\u00eam autonomia para definir produ\u00e7\u00e3o, programa\u00e7\u00e3o e distribui\u00e7\u00e3o de conte\u00fados.<\/p>\n","protected":false},"excerpt":{"rendered":"<p>As vendas da semana do Dia das M\u00e3es (2 a 8 de maio) ca\u00edram 8,4% com rela\u00e7\u00e3o ao ano passado e tiveram o pior desempenho desde o in\u00edcio da s\u00e9rie do Indicador Serasa Experian de Atividade do Com\u00e9rcio, em 2003. De acordo com balan\u00e7o divulgado, na compara\u00e7\u00e3o com o mesmo fim de semana de 2015 [&hellip;]<\/p>\n","protected":false},"author":2,"featured_media":38938,"comment_status":"open","ping_status":"closed","sticky":false,"template":"","format":"standard","meta":{"_genesis_hide_title":false,"_genesis_hide_breadcrumbs":false,"_genesis_hide_singular_image":false,"_genesis_hide_footer_widgets":false,"_genesis_custom_body_class":"","_genesis_custom_post_class":"","_genesis_layout":"","_jetpack_memberships_contains_paid_content":false,"footnotes":""},"categories":[22,7],"tags":[],"class_list":{"0":"post-85945","1":"post","2":"type-post","3":"status-publish","4":"format-standard","5":"has-post-thumbnail","7":"category-brasil","8":"category-economia","9":"entry","10":"gs-1","11":"gs-odd","12":"gs-even","13":"gs-featured-content-entry"},"jetpack_featured_media_url":"https:\/\/www.redenoticia.com.br\/noticia\/imagens\/economia1.jpg","jetpack_sharing_enabled":true,"jetpack_likes_enabled":true,"_links":{"self":[{"href":"https:\/\/www.redenoticia.com.br\/noticia\/wp-json\/wp\/v2\/posts\/85945","targetHints":{"allow":["GET"]}}],"collection":[{"href":"https:\/\/www.redenoticia.com.br\/noticia\/wp-json\/wp\/v2\/posts"}],"about":[{"href":"https:\/\/www.redenoticia.com.br\/noticia\/wp-json\/wp\/v2\/types\/post"}],"author":[{"embeddable":true,"href":"https:\/\/www.redenoticia.com.br\/noticia\/wp-json\/wp\/v2\/users\/2"}],"replies":[{"embeddable":true,"href":"https:\/\/www.redenoticia.com.br\/noticia\/wp-json\/wp\/v2\/comments?post=85945"}],"version-history":[{"count":0,"href":"https:\/\/www.redenoticia.com.br\/noticia\/wp-json\/wp\/v2\/posts\/85945\/revisions"}],"wp:featuredmedia":[{"embeddable":true,"href":"https:\/\/www.redenoticia.com.br\/noticia\/wp-json\/wp\/v2\/media\/38938"}],"wp:attachment":[{"href":"https:\/\/www.redenoticia.com.br\/noticia\/wp-json\/wp\/v2\/media?parent=85945"}],"wp:term":[{"taxonomy":"category","embeddable":true,"href":"https:\/\/www.redenoticia.com.br\/noticia\/wp-json\/wp\/v2\/categories?post=85945"},{"taxonomy":"post_tag","embeddable":true,"href":"https:\/\/www.redenoticia.com.br\/noticia\/wp-json\/wp\/v2\/tags?post=85945"}],"curies":[{"name":"wp","href":"https:\/\/api.w.org\/{rel}","templated":true}]}}