{"id":85834,"date":"2016-05-09T10:19:07","date_gmt":"2016-05-09T13:19:07","guid":{"rendered":"http:\/\/www.redenoticia.com.br\/noticia\/?p=85834"},"modified":"2016-05-06T20:20:48","modified_gmt":"2016-05-06T23:20:48","slug":"virada-cultural-paulista-2016","status":"publish","type":"post","link":"https:\/\/www.redenoticia.com.br\/noticia\/2016\/virada-cultural-paulista-2016\/85834","title":{"rendered":"Virada Cultural Paulista 2016"},"content":{"rendered":"<p> J\u00e1 est\u00e1 no ar o . Nele, o p\u00fablico pode conferir a programa\u00e7\u00e3o dos 23 munic\u00edpios participantes, os perfis dos artistas e os endere\u00e7os dos palcos, bem como os hor\u00e1rios e resumo das atra\u00e7\u00f5es.<\/p>\n<p>Neste ano, haver\u00e1 shows de Os Mutantes, Alceu Valen\u00e7a, Erasmo Carlos, a banda NX Zero, Almir Sater, Marcelo D2, Ti\u00ea, Emicida, Arnaldo Antunes, Trio Virgulino, Wanderl\u00e9a, Silva, Marcelo Jeneci e Tulipa Ruiz, Zeca Baleiro, Velha Guarda da Mangueira, Tribo de Jah, Mart&#8217;n\u00e1lia e Karina Buhr, entre v\u00e1rios outros artistas.<\/p>\n<p>O evento ocorre em tr\u00eas finais de semana de maio &#8211; 14 e 15, 21 e 22, 28 e 29 -, com apresenta\u00e7\u00f5es de shows e espet\u00e1culos em diversas linguagens art\u00edsticas, em palcos externos, teatros municipais, pra\u00e7as p\u00fablicas e unidades do SESC.<\/p>\n<p>Nos dias 14 e 15 de maio, a Virada passa por Araraquara, Botucatu, Registro, Santa B\u00e1rbara d&#8217;Oeste, S\u00e3o Jo\u00e3o da Boa Vista, Sorocaba e Taubat\u00e9, que participa pela primeira vez. J\u00e1 nos dias 21 e 22, \u00e9 a vez de Ara\u00e7atuba, Ilha Solteira, Limeira, Mar\u00edlia, Piracicaba, Presidente Prudente e Votuporanga. Para fechar, nos dias 28 e 29 \u00e9 a vez de Assis, Bauru, Campinas, Caraguatatuba, Franca, Indaiatuba, Mogi das Cruzes, Ribeir\u00e3o Preto e Santos receberem os shows da Virada.<\/p>\n<p>A Virada Cultural Paulista \u00e9 fruto de uma parceria entre a Secretaria da Cultura do Estado de S\u00e3o Paulo, as prefeituras das cidades participantes, e o SESC-SP. O evento tamb\u00e9m tem o apoio do MIS &#8211; Museu da Imagem e do Som de S\u00e3o Paulo, Pensarte, Museu do Caf\u00e9 e Cavalera.<\/p>\n<p>\u00a0para acessar.<\/p>\n<p>Do Portal do Governo do Estado SP<\/p>\n","protected":false},"excerpt":{"rendered":"<p>J\u00e1 est\u00e1 no ar o . Nele, o p\u00fablico pode conferir a programa\u00e7\u00e3o dos 23 munic\u00edpios participantes, os perfis dos artistas e os endere\u00e7os dos palcos, bem como os hor\u00e1rios e resumo das atra\u00e7\u00f5es. Neste ano, haver\u00e1 shows de Os Mutantes, Alceu Valen\u00e7a, Erasmo Carlos, a banda NX Zero, Almir Sater, Marcelo D2, Ti\u00ea, Emicida, [&hellip;]<\/p>\n","protected":false},"author":2,"featured_media":27918,"comment_status":"open","ping_status":"closed","sticky":false,"template":"","format":"standard","meta":{"_genesis_hide_title":false,"_genesis_hide_breadcrumbs":false,"_genesis_hide_singular_image":false,"_genesis_hide_footer_widgets":false,"_genesis_custom_body_class":"","_genesis_custom_post_class":"","_genesis_layout":"","_jetpack_memberships_contains_paid_content":false,"footnotes":""},"categories":[22],"tags":[],"class_list":{"0":"post-85834","1":"post","2":"type-post","3":"status-publish","4":"format-standard","5":"has-post-thumbnail","7":"category-brasil","8":"entry","9":"gs-1","10":"gs-odd","11":"gs-even","12":"gs-featured-content-entry"},"jetpack_featured_media_url":"https:\/\/www.redenoticia.com.br\/noticia\/imagens\/virada-cultural-sp-2010.jpg","jetpack_sharing_enabled":true,"jetpack_likes_enabled":true,"_links":{"self":[{"href":"https:\/\/www.redenoticia.com.br\/noticia\/wp-json\/wp\/v2\/posts\/85834","targetHints":{"allow":["GET"]}}],"collection":[{"href":"https:\/\/www.redenoticia.com.br\/noticia\/wp-json\/wp\/v2\/posts"}],"about":[{"href":"https:\/\/www.redenoticia.com.br\/noticia\/wp-json\/wp\/v2\/types\/post"}],"author":[{"embeddable":true,"href":"https:\/\/www.redenoticia.com.br\/noticia\/wp-json\/wp\/v2\/users\/2"}],"replies":[{"embeddable":true,"href":"https:\/\/www.redenoticia.com.br\/noticia\/wp-json\/wp\/v2\/comments?post=85834"}],"version-history":[{"count":0,"href":"https:\/\/www.redenoticia.com.br\/noticia\/wp-json\/wp\/v2\/posts\/85834\/revisions"}],"wp:featuredmedia":[{"embeddable":true,"href":"https:\/\/www.redenoticia.com.br\/noticia\/wp-json\/wp\/v2\/media\/27918"}],"wp:attachment":[{"href":"https:\/\/www.redenoticia.com.br\/noticia\/wp-json\/wp\/v2\/media?parent=85834"}],"wp:term":[{"taxonomy":"category","embeddable":true,"href":"https:\/\/www.redenoticia.com.br\/noticia\/wp-json\/wp\/v2\/categories?post=85834"},{"taxonomy":"post_tag","embeddable":true,"href":"https:\/\/www.redenoticia.com.br\/noticia\/wp-json\/wp\/v2\/tags?post=85834"}],"curies":[{"name":"wp","href":"https:\/\/api.w.org\/{rel}","templated":true}]}}