{"id":85827,"date":"2016-05-09T10:15:01","date_gmt":"2016-05-09T13:15:01","guid":{"rendered":"http:\/\/www.redenoticia.com.br\/noticia\/?p=85827"},"modified":"2016-05-06T20:17:26","modified_gmt":"2016-05-06T23:17:26","slug":"butantan-sedia-avistar-brasil-2016","status":"publish","type":"post","link":"https:\/\/www.redenoticia.com.br\/noticia\/2016\/butantan-sedia-avistar-brasil-2016\/85827","title":{"rendered":"Butantan sedia Avistar Brasil 2016"},"content":{"rendered":"<p>Ag\u00eancia FAPESP \u2013 O Instituto Butantan receber\u00e1, de 20 a 22 de maio, o 11\u00ba Encontro Brasileiro de Observa\u00e7\u00e3o de Aves \u2013 <strong><em>Avistar<\/em><\/strong> Brasil 2016. A programa\u00e7\u00e3o, gratuita, inclui exposi\u00e7\u00f5es, palestras, oficinas para crian\u00e7as e adultos e lan\u00e7amentos de livros, entre outras atividades. O evento est\u00e1 associado \u00e0 programa\u00e7\u00e3o da Semana do Meio Ambiente do Instituto Butantan.<\/p>\n<p>Distribu\u00eddo em audit\u00f3rios e espa\u00e7os ao ar livre por todo o parque do Butantan, o Avistar 2016 conta com quatro exposi\u00e7\u00f5es, com destaque para a primeira edi\u00e7\u00e3o de \u201c\u00c1rvore Ser Tecnol\u00f3gico\u201d, que reproduz os memes ambientais mais famosos da internet para abordar a import\u00e2ncia da conserva\u00e7\u00e3o, e a exposi\u00e7\u00e3o \u201cFloresta Viva\u201d, do fot\u00f3grafo Luciano Candisani.<\/p>\n<p>O Congresso Avistar contar\u00e1 com mais de 100 palestras em quatro audit\u00f3rios, al\u00e9m dos ciclos tem\u00e1ticos \u201cArte, Natureza e Tecnologia\u201d, \u201cCuidados em Campo\u201d, \u201cDi\u00e1logos\u201d e \u201cBiodiversidade e Trocas\u201d.<\/p>\n<p>Entre os palestrantes do congresso est\u00e3o John Fitzpatrick, diretor do Laborat\u00f3rio de Ornitologia de Cornell, que apresentar\u00e1 projetos de ci\u00eancia voltados para a participa\u00e7\u00e3o da sociedade nos Estados Unidos, e Mario Cohn-Haft, do Instituto Nacional de Pesquisas da Amaz\u00f4nia, que falar\u00e1 sobre sua recente expedi\u00e7\u00e3o \u00e0 Serra da Mocidade (RR).<\/p>\n<p>Haver\u00e1 diversos lan\u00e7amentos de livros e sess\u00f5es de aut\u00f3grafos. Food trucks estar\u00e3o espalhados pelo parque durante todo o evento.<\/p>\n<p>Segundo o Butantan, um dos momentos mais esperados desta edi\u00e7\u00e3o do evento ser\u00e1 o an\u00fancio da redescoberta de uma das esp\u00e9cies de aves mais raras do planeta, que estava desaparecida h\u00e1 d\u00e9cadas.<\/p>\n<p>Ser\u00e3o oferecidas ainda atividades para quem nunca observou aves. Os iniciantes poder\u00e3o acompanhar o #vempassarinhar, j\u00e1 tradicional passeio e atividade pr\u00e1tica de observa\u00e7\u00e3o, nos dias 21 e 22, \u00e0s 7h, no Instituto Butantan.<\/p>\n<p>Para as crian\u00e7as, haver\u00e1 o espa\u00e7o Avistar Kids, diariamente das 10h \u00e0s 17h, com oficinas, pinturas e educa\u00e7\u00e3o ambiental, com destaque para a constru\u00e7\u00e3o de um ninho de jo\u00e3o-de-barro em escala humana.<\/p>\n<p>O Cine Butantan tamb\u00e9m participa desta edi\u00e7\u00e3o do Avistar, com sess\u00f5es especiais, ao ar livre, de filmes sobre aves. As sess\u00f5es ocorrem durante o evento, a partir das 18h.<\/p>\n<p>Mais informa\u00e7\u00f5es: .<\/p>\n","protected":false},"excerpt":{"rendered":"<p>Ag\u00eancia FAPESP \u2013 O Instituto Butantan receber\u00e1, de 20 a 22 de maio, o 11\u00ba Encontro Brasileiro de Observa\u00e7\u00e3o de Aves \u2013 Avistar Brasil 2016. A programa\u00e7\u00e3o, gratuita, inclui exposi\u00e7\u00f5es, palestras, oficinas para crian\u00e7as e adultos e lan\u00e7amentos de livros, entre outras atividades. O evento est\u00e1 associado \u00e0 programa\u00e7\u00e3o da Semana do Meio Ambiente do [&hellip;]<\/p>\n","protected":false},"author":2,"featured_media":28951,"comment_status":"open","ping_status":"closed","sticky":false,"template":"","format":"standard","meta":{"_genesis_hide_title":false,"_genesis_hide_breadcrumbs":false,"_genesis_hide_singular_image":false,"_genesis_hide_footer_widgets":false,"_genesis_custom_body_class":"","_genesis_custom_post_class":"","_genesis_layout":"","_jetpack_memberships_contains_paid_content":false,"footnotes":""},"categories":[22],"tags":[],"class_list":{"0":"post-85827","1":"post","2":"type-post","3":"status-publish","4":"format-standard","5":"has-post-thumbnail","7":"category-brasil","8":"entry","9":"gs-1","10":"gs-odd","11":"gs-even","12":"gs-featured-content-entry"},"jetpack_featured_media_url":"https:\/\/www.redenoticia.com.br\/noticia\/imagens\/concurso-inscricao-vagas-ate.jpg","jetpack_sharing_enabled":true,"jetpack_likes_enabled":true,"_links":{"self":[{"href":"https:\/\/www.redenoticia.com.br\/noticia\/wp-json\/wp\/v2\/posts\/85827","targetHints":{"allow":["GET"]}}],"collection":[{"href":"https:\/\/www.redenoticia.com.br\/noticia\/wp-json\/wp\/v2\/posts"}],"about":[{"href":"https:\/\/www.redenoticia.com.br\/noticia\/wp-json\/wp\/v2\/types\/post"}],"author":[{"embeddable":true,"href":"https:\/\/www.redenoticia.com.br\/noticia\/wp-json\/wp\/v2\/users\/2"}],"replies":[{"embeddable":true,"href":"https:\/\/www.redenoticia.com.br\/noticia\/wp-json\/wp\/v2\/comments?post=85827"}],"version-history":[{"count":0,"href":"https:\/\/www.redenoticia.com.br\/noticia\/wp-json\/wp\/v2\/posts\/85827\/revisions"}],"wp:featuredmedia":[{"embeddable":true,"href":"https:\/\/www.redenoticia.com.br\/noticia\/wp-json\/wp\/v2\/media\/28951"}],"wp:attachment":[{"href":"https:\/\/www.redenoticia.com.br\/noticia\/wp-json\/wp\/v2\/media?parent=85827"}],"wp:term":[{"taxonomy":"category","embeddable":true,"href":"https:\/\/www.redenoticia.com.br\/noticia\/wp-json\/wp\/v2\/categories?post=85827"},{"taxonomy":"post_tag","embeddable":true,"href":"https:\/\/www.redenoticia.com.br\/noticia\/wp-json\/wp\/v2\/tags?post=85827"}],"curies":[{"name":"wp","href":"https:\/\/api.w.org\/{rel}","templated":true}]}}