{"id":85768,"date":"2016-05-06T15:24:28","date_gmt":"2016-05-06T18:24:28","guid":{"rendered":"http:\/\/www.redenoticia.com.br\/noticia\/?p=85768"},"modified":"2016-05-06T17:09:56","modified_gmt":"2016-05-06T20:09:56","slug":"novela-chamas-da-vida-resumo-0905-ivonete-finge-acreditar-em-mercedes","status":"publish","type":"post","link":"https:\/\/www.redenoticia.com.br\/noticia\/2016\/novela-chamas-da-vida-resumo-0905-ivonete-finge-acreditar-em-mercedes\/85768","title":{"rendered":"Novela \u201cChamas da Vida\u201d resumo 09\/05: Ivonete finge acreditar em Mercedes"},"content":{"rendered":"<p> <img loading=\"lazy\" decoding=\"async\" class=\"alignleft size-thumbnail wp-image-82020\" src=\"https:\/\/www.redenoticia.com.br\/noticia\/imagens\/chamas_da_vida_resumo_novela-150x112.jpeg\" alt=\"chamas_da_vida_resumo_novela\" width=\"150\" height=\"112\" \/><strong><em>Novela \u201cChamas da Vida\u201d resumo 09\/05<\/em><\/strong>: Ivonete conta a Mercedes que Pedro encontrou uma foto dela. Pedro pergunta como ela escondeu o parentesco e Mercedes diz que teve medo que ele n\u00e3o a aceitasse. Ivonete manda Mercedes falar a verdade. Lourdes diz que Mercedes n\u00e3o pode ficar na pens\u00e3o. Mercedes sai. Pedro diz que \u00e9 melhor que ela fique na pens\u00e3o para ser vigiada. Mercedes agradece Ivonete e Lourdes por terem deixado que ela fique na pens\u00e3o. Ivonete e Lourdes fingem cair na falsidade de Mercedes.<\/p>\n<p>No capitulo 134(*), novela \u201cChamas da Vida\u201d, segunda-feira, 09 de maio &#8211; Ivonete conta a Mercedes que Pedro encontrou uma foto dela. Pedro pergunta como ela escondeu isso dele. Mercedes diz que teve medo que ele n\u00e3o a aceitasse. Ivonete manda Mercedes falar a verdade. Lourdes diz que Mercedes n\u00e3o pode ficar na pens\u00e3o. Mercedes sai. Pedro diz a Lourdes e a Ivonete que eles n\u00e3o podem deixar parecer que Darlene contou tudo para eles, porque assim Vilma vai saber que eles descobriram o plano. Pedro diz que \u00e9 melhor que ela fique na pens\u00e3o para ser vigiada. Ant\u00f3nio pergunta se Demoro est\u00e1 a fim de Vivi. Pedro diz que n\u00e3o quer que Rafa, Vivi e Ant\u00f4nio saibam da verdade sobre Mercedes. Demoro diz que \u00e9 apenas amigo de Vivi. Ant\u00f4nio diz que n\u00e3o quer que Vivi sofra novamente. Demoro diz que n\u00e3o \u00e9 nenhum bandido. Vilma diz que vai processar a f\u00e1brica porque foi expulsa como se fosse uma assassina. <\/p>\n<p>Mercedes agradece Ivonete e Lourdes por terem deixado que ela fique na pens\u00e3o. Ivonete e Lourdes fingem cair na falsidade de Mercedes. Marreta, Manu e Diego combinam roubar um carro. Vilma liga a Suelen e diz que precisa de algumas informa\u00e7\u00f5es. Suelen fica com medo e conta que Roberto \u00e9 o presidente interino. Vilma diz que vai vingar-se de todos. Suelen desliga. Raissa diz a Suelen n\u00e3o dar mais informa\u00e7\u00f5es a Vilma. Suelen diz que se n\u00e3o contar, Vilma mata-a. Marreta arromba a janela do carro. O alarme toca e ele, Manu e Diego entram no carro. <\/p>\n<p>Diego \u00e9 atingido por um tiro no bra\u00e7o. Vivi pergunta a Raissa se ela acha que Junior viu a certid\u00e3o de Gabriel. Raissa diz que n\u00e3o sabe. Beatriz diz para Guga n\u00e3o desistir de Vivi. Ela diz para Guga fazer charme para outra pois Vivi vai ficar com ci\u00fames. Diego pede para ir ao hospital. Manu diz que ele pode ser preso. Marreta olha o ferimento e diz que o tiro foi de rasp\u00e3o. Carolina e Pedro conversam e instala-se um clima de paix\u00e3o entre eles. <\/p>\n<p>(*) edi\u00e7\u00e3o da Rede Record, Novela \u201cChamas da Vida\u201d, sujeito a altera\u00e7\u00e3o de data e conte\u00fado.<\/p>\n","protected":false},"excerpt":{"rendered":"<p>Novela \u201cChamas da Vida\u201d resumo 09\/05: Ivonete conta a Mercedes que Pedro encontrou uma foto dela. Pedro pergunta como ela escondeu o parentesco e Mercedes diz que teve medo que ele n\u00e3o a aceitasse. Ivonete manda Mercedes falar a verdade. Lourdes diz que Mercedes n\u00e3o pode ficar na pens\u00e3o. Mercedes sai. Pedro diz que \u00e9 [&hellip;]<\/p>\n","protected":false},"author":2,"featured_media":82020,"comment_status":"open","ping_status":"closed","sticky":false,"template":"","format":"standard","meta":{"_genesis_hide_title":false,"_genesis_hide_breadcrumbs":false,"_genesis_hide_singular_image":false,"_genesis_hide_footer_widgets":false,"_genesis_custom_body_class":"","_genesis_custom_post_class":"","_genesis_layout":"","_jetpack_memberships_contains_paid_content":false,"footnotes":""},"categories":[379,371,343],"tags":[441],"class_list":{"0":"post-85768","1":"post","2":"type-post","3":"status-publish","4":"format-standard","5":"has-post-thumbnail","7":"category-novelas","8":"category-rede-record","9":"category-televisao","10":"tag-resumo-do-dia","11":"entry","12":"gs-1","13":"gs-odd","14":"gs-even","15":"gs-featured-content-entry"},"jetpack_featured_media_url":"https:\/\/www.redenoticia.com.br\/noticia\/imagens\/chamas_da_vida_resumo_novela.jpeg","jetpack_sharing_enabled":true,"jetpack_likes_enabled":true,"_links":{"self":[{"href":"https:\/\/www.redenoticia.com.br\/noticia\/wp-json\/wp\/v2\/posts\/85768","targetHints":{"allow":["GET"]}}],"collection":[{"href":"https:\/\/www.redenoticia.com.br\/noticia\/wp-json\/wp\/v2\/posts"}],"about":[{"href":"https:\/\/www.redenoticia.com.br\/noticia\/wp-json\/wp\/v2\/types\/post"}],"author":[{"embeddable":true,"href":"https:\/\/www.redenoticia.com.br\/noticia\/wp-json\/wp\/v2\/users\/2"}],"replies":[{"embeddable":true,"href":"https:\/\/www.redenoticia.com.br\/noticia\/wp-json\/wp\/v2\/comments?post=85768"}],"version-history":[{"count":0,"href":"https:\/\/www.redenoticia.com.br\/noticia\/wp-json\/wp\/v2\/posts\/85768\/revisions"}],"wp:featuredmedia":[{"embeddable":true,"href":"https:\/\/www.redenoticia.com.br\/noticia\/wp-json\/wp\/v2\/media\/82020"}],"wp:attachment":[{"href":"https:\/\/www.redenoticia.com.br\/noticia\/wp-json\/wp\/v2\/media?parent=85768"}],"wp:term":[{"taxonomy":"category","embeddable":true,"href":"https:\/\/www.redenoticia.com.br\/noticia\/wp-json\/wp\/v2\/categories?post=85768"},{"taxonomy":"post_tag","embeddable":true,"href":"https:\/\/www.redenoticia.com.br\/noticia\/wp-json\/wp\/v2\/tags?post=85768"}],"curies":[{"name":"wp","href":"https:\/\/api.w.org\/{rel}","templated":true}]}}