{"id":85749,"date":"2016-05-06T10:22:01","date_gmt":"2016-05-06T13:22:01","guid":{"rendered":"http:\/\/www.redenoticia.com.br\/noticia\/?p=85749"},"modified":"2016-05-05T19:25:28","modified_gmt":"2016-05-05T22:25:28","slug":"saques-superam-depositos-e-poupanca-tem-pior-resultado-para-abril-desde-1995","status":"publish","type":"post","link":"https:\/\/www.redenoticia.com.br\/noticia\/2016\/saques-superam-depositos-e-poupanca-tem-pior-resultado-para-abril-desde-1995\/85749","title":{"rendered":"Saques superam dep\u00f3sitos e poupan\u00e7a tem pior resultado para abril desde 1995"},"content":{"rendered":"<p> O Banco Central (BC) informou que os brasileiros retiraram R$ 8,246 bilh\u00f5es a mais do que depositaram na <strong><em>poupan\u00e7a<\/em><\/strong> em abril. Foi o pior resultado para o m\u00eas desde o in\u00edcio da s\u00e9rie hist\u00f3rica do BC, em 1995.<\/p>\n<p> De janeiro a abril deste ano, a caderneta acumula capta\u00e7\u00e3o negativa (mais retiradas que dep\u00f3sitos) de R$ 32,296 bilh\u00f5es. O saldo negativo supera o registrado no primeiro quadrimestre do ano passado. No per\u00edodo, a poupan\u00e7a dos brasileiros estava negativa em R$ 29,081 bilh\u00f5es.<\/p>\n<p>Em abril, os saques da poupan\u00e7a somaram R$ 161,5 bilh\u00f5es, superando os dep\u00f3sitos, que ficaram em a R$ 153,2 bilh\u00f5es. O valor total nas contas ficou em R$ 640,5 bilh\u00f5es. O volume dos rendimentos creditados nas cadernetas dos investidores alcan\u00e7ou R$ 4,127 bilh\u00f5es.<\/p>\n<p>Desde janeiro de 2015, a caderneta de poupan\u00e7a registra retirada expressiva de recursos. Isso ocorre por causa do aumento de juros, que torna mais atrativas aplica\u00e7\u00f5es em fundos de investimento, e da perda de rentabilidade diante da infla\u00e7\u00e3o.<\/p>\n<p>Segundo o BC, a recess\u00e3o econ\u00f4mica tamb\u00e9m contribui para a fuga de recursos da poupan\u00e7a. Por causa da crise e do desemprego, os brasileiros t\u00eam menos sobra de dinheiro para aplicar na caderneta e precisam sacar mais recursos para pagar d\u00edvidas.<\/p>\n<p>Mariana Branco &#8211; Rep\u00f3rter da Ag\u00eancia Brasil<br \/>\nEdi\u00e7\u00e3o: Luana Louren\u00e7o<br \/>\n06\/05\/2016 <\/p>\n","protected":false},"excerpt":{"rendered":"<p>O Banco Central (BC) informou que os brasileiros retiraram R$ 8,246 bilh\u00f5es a mais do que depositaram na poupan\u00e7a em abril. Foi o pior resultado para o m\u00eas desde o in\u00edcio da s\u00e9rie hist\u00f3rica do BC, em 1995. De janeiro a abril deste ano, a caderneta acumula capta\u00e7\u00e3o negativa (mais retiradas que dep\u00f3sitos) de R$ [&hellip;]<\/p>\n","protected":false},"author":2,"featured_media":40734,"comment_status":"open","ping_status":"closed","sticky":false,"template":"","format":"standard","meta":{"_genesis_hide_title":false,"_genesis_hide_breadcrumbs":false,"_genesis_hide_singular_image":false,"_genesis_hide_footer_widgets":false,"_genesis_custom_body_class":"","_genesis_custom_post_class":"","_genesis_layout":"","_jetpack_memberships_contains_paid_content":false,"footnotes":""},"categories":[22,7],"tags":[],"class_list":{"0":"post-85749","1":"post","2":"type-post","3":"status-publish","4":"format-standard","5":"has-post-thumbnail","7":"category-brasil","8":"category-economia","9":"entry","10":"gs-1","11":"gs-odd","12":"gs-even","13":"gs-featured-content-entry"},"jetpack_featured_media_url":"https:\/\/www.redenoticia.com.br\/noticia\/imagens\/economia-resultados.jpg","jetpack_sharing_enabled":true,"jetpack_likes_enabled":true,"_links":{"self":[{"href":"https:\/\/www.redenoticia.com.br\/noticia\/wp-json\/wp\/v2\/posts\/85749","targetHints":{"allow":["GET"]}}],"collection":[{"href":"https:\/\/www.redenoticia.com.br\/noticia\/wp-json\/wp\/v2\/posts"}],"about":[{"href":"https:\/\/www.redenoticia.com.br\/noticia\/wp-json\/wp\/v2\/types\/post"}],"author":[{"embeddable":true,"href":"https:\/\/www.redenoticia.com.br\/noticia\/wp-json\/wp\/v2\/users\/2"}],"replies":[{"embeddable":true,"href":"https:\/\/www.redenoticia.com.br\/noticia\/wp-json\/wp\/v2\/comments?post=85749"}],"version-history":[{"count":0,"href":"https:\/\/www.redenoticia.com.br\/noticia\/wp-json\/wp\/v2\/posts\/85749\/revisions"}],"wp:featuredmedia":[{"embeddable":true,"href":"https:\/\/www.redenoticia.com.br\/noticia\/wp-json\/wp\/v2\/media\/40734"}],"wp:attachment":[{"href":"https:\/\/www.redenoticia.com.br\/noticia\/wp-json\/wp\/v2\/media?parent=85749"}],"wp:term":[{"taxonomy":"category","embeddable":true,"href":"https:\/\/www.redenoticia.com.br\/noticia\/wp-json\/wp\/v2\/categories?post=85749"},{"taxonomy":"post_tag","embeddable":true,"href":"https:\/\/www.redenoticia.com.br\/noticia\/wp-json\/wp\/v2\/tags?post=85749"}],"curies":[{"name":"wp","href":"https:\/\/api.w.org\/{rel}","templated":true}]}}