{"id":85670,"date":"2016-05-05T10:12:27","date_gmt":"2016-05-05T13:12:27","guid":{"rendered":"http:\/\/www.redenoticia.com.br\/noticia\/?p=85670"},"modified":"2016-05-04T19:13:36","modified_gmt":"2016-05-04T22:13:36","slug":"indice-de-confianca-do-empresario-do-comercio-cai-03-entre-marco-e-abril","status":"publish","type":"post","link":"https:\/\/www.redenoticia.com.br\/noticia\/2016\/indice-de-confianca-do-empresario-do-comercio-cai-03-entre-marco-e-abril\/85670","title":{"rendered":"\u00cdndice de Confian\u00e7a do Empres\u00e1rio do Com\u00e9rcio cai 0,3% entre mar\u00e7o e abril"},"content":{"rendered":"<p> O <strong><em>\u00cdndice de Confian\u00e7a do Empres\u00e1rio do Com\u00e9rcio<\/em><\/strong> (Icec) caiu 0,3% entre mar\u00e7o e abril deste ano. Segundo a Confedera\u00e7\u00e3o Nacional do Com\u00e9rcio de Bens, Servi\u00e7os e Turismo (CNC), ele recuou para 80,8 pontos, depois de tr\u00eas altas consecutivas, de acordo com dados ajustados sazonalmente. Na compara\u00e7\u00e3o com abril do ano passado, a queda foi de 8%.<\/p>\n<p>O Icec tem uma escala de zero a 200 pontos. Quando o indicador fica acima de 100 pontos, sinaliza que os empres\u00e1rios t\u00eam uma vis\u00e3o otimista em rela\u00e7\u00e3o aos seus neg\u00f3cios, ao com\u00e9rcio e \u00e0 economia. Mas o Icec abaixo de 100 pontos, como aconteceu em abril, mostra uma vis\u00e3o negativa dos empres\u00e1rios.<\/p>\n<p>\u201cA gente est\u00e1 num momento em que ainda paira uma incerteza e n\u00e3o h\u00e1 como saber se o indicador continuar\u00e1 caindo ou se subir\u00e1\u201d, disse a economista da CNC, Izis Ferreira.<\/p>\n<p>Para ela, a queda do Icec na passagem de mar\u00e7o para abril foi provocada por uma avalia\u00e7\u00e3o mais negativa dos empres\u00e1rios em rela\u00e7\u00e3o a investimentos e estoques. \u201cNo m\u00eas passado, j\u00e1 tinha havido uma varia\u00e7\u00e3o negativa em rela\u00e7\u00e3o aos investimentos nas empresas, na contrata\u00e7\u00e3o de funcion\u00e1rios e na avalia\u00e7\u00e3o dos estoques. Nesse m\u00eas, essa queda se acirrou\u201d, disse.<\/p>\n<p>Apesar disso, a opini\u00e3o dos empres\u00e1rios em rela\u00e7\u00e3o ao atual momento e \u00e0s expectativas sobre o futuro melhoraram na compara\u00e7\u00e3o com mar\u00e7o.<\/p>\n<p>Vitor Abdala \u2013 Rep\u00f3rter da Ag\u00eancia Brasil<br \/>\nEdi\u00e7\u00e3o: Kleber Sampaio<br \/>\n05\/05\/2016<\/p>\n","protected":false},"excerpt":{"rendered":"<p>O \u00cdndice de Confian\u00e7a do Empres\u00e1rio do Com\u00e9rcio (Icec) caiu 0,3% entre mar\u00e7o e abril deste ano. Segundo a Confedera\u00e7\u00e3o Nacional do Com\u00e9rcio de Bens, Servi\u00e7os e Turismo (CNC), ele recuou para 80,8 pontos, depois de tr\u00eas altas consecutivas, de acordo com dados ajustados sazonalmente. Na compara\u00e7\u00e3o com abril do ano passado, a queda foi [&hellip;]<\/p>\n","protected":false},"author":2,"featured_media":57585,"comment_status":"open","ping_status":"closed","sticky":false,"template":"","format":"standard","meta":{"_genesis_hide_title":false,"_genesis_hide_breadcrumbs":false,"_genesis_hide_singular_image":false,"_genesis_hide_footer_widgets":false,"_genesis_custom_body_class":"","_genesis_custom_post_class":"","_genesis_layout":"","_jetpack_memberships_contains_paid_content":false,"footnotes":""},"categories":[22,7],"tags":[],"class_list":{"0":"post-85670","1":"post","2":"type-post","3":"status-publish","4":"format-standard","5":"has-post-thumbnail","7":"category-brasil","8":"category-economia","9":"entry","10":"gs-1","11":"gs-odd","12":"gs-even","13":"gs-featured-content-entry"},"jetpack_featured_media_url":"https:\/\/www.redenoticia.com.br\/noticia\/imagens\/analise-economia.jpg","jetpack_sharing_enabled":true,"jetpack_likes_enabled":true,"_links":{"self":[{"href":"https:\/\/www.redenoticia.com.br\/noticia\/wp-json\/wp\/v2\/posts\/85670","targetHints":{"allow":["GET"]}}],"collection":[{"href":"https:\/\/www.redenoticia.com.br\/noticia\/wp-json\/wp\/v2\/posts"}],"about":[{"href":"https:\/\/www.redenoticia.com.br\/noticia\/wp-json\/wp\/v2\/types\/post"}],"author":[{"embeddable":true,"href":"https:\/\/www.redenoticia.com.br\/noticia\/wp-json\/wp\/v2\/users\/2"}],"replies":[{"embeddable":true,"href":"https:\/\/www.redenoticia.com.br\/noticia\/wp-json\/wp\/v2\/comments?post=85670"}],"version-history":[{"count":0,"href":"https:\/\/www.redenoticia.com.br\/noticia\/wp-json\/wp\/v2\/posts\/85670\/revisions"}],"wp:featuredmedia":[{"embeddable":true,"href":"https:\/\/www.redenoticia.com.br\/noticia\/wp-json\/wp\/v2\/media\/57585"}],"wp:attachment":[{"href":"https:\/\/www.redenoticia.com.br\/noticia\/wp-json\/wp\/v2\/media?parent=85670"}],"wp:term":[{"taxonomy":"category","embeddable":true,"href":"https:\/\/www.redenoticia.com.br\/noticia\/wp-json\/wp\/v2\/categories?post=85670"},{"taxonomy":"post_tag","embeddable":true,"href":"https:\/\/www.redenoticia.com.br\/noticia\/wp-json\/wp\/v2\/tags?post=85670"}],"curies":[{"name":"wp","href":"https:\/\/api.w.org\/{rel}","templated":true}]}}