{"id":85668,"date":"2016-05-05T10:11:03","date_gmt":"2016-05-05T13:11:03","guid":{"rendered":"http:\/\/www.redenoticia.com.br\/noticia\/?p=85668"},"modified":"2016-05-04T19:12:23","modified_gmt":"2016-05-04T22:12:23","slug":"plano-safra-destinara-r-20288-bilhoes-para-produtores-rurais","status":"publish","type":"post","link":"https:\/\/www.redenoticia.com.br\/noticia\/2016\/plano-safra-destinara-r-20288-bilhoes-para-produtores-rurais\/85668","title":{"rendered":"Plano Safra destinar\u00e1 R$ 202,88 bilh\u00f5es para produtores rurais"},"content":{"rendered":"<p> O <strong><em>Plano Safra<\/em><\/strong> 2016\/2017 vai disponibilizar R$ 202,88 bilh\u00f5es para produtores rurais. O valor \u00e9 8% maior que o da safra anterior, de R$ 187,7 bilh\u00f5es. O novo Plano Agr\u00edcola e Pecu\u00e1rio foi anunciado pela ministra da Agricultura, Pecu\u00e1ria e Abastecimento, K\u00e1tia Abreu, em cerim\u00f4nia no Pal\u00e1cio do Planalto.<\/p>\n<p>\u201cO plano safra, com R$ 202,88 bilh\u00f5es, \u00e9 um valor recorde. Quando assumi o Minist\u00e9rio da Agricultura, disse que o Mapa [minist\u00e9rio] teria os olhos voltados para os produtores rurais. Se eles tiverem sucesso na sua atividade, ganha a sociedade brasileira e o nosso Brasil. Sei que as turbul\u00eancias pelas quais passamos hoje tornam ainda maior o desafio de quebrar recordes\u201d, disse a ministra.<\/p>\n<p>Segundo o minist\u00e9rio, um dos destaques do plano \u00e9 o aumento de 20% dos recursos para custeio e comercializa\u00e7\u00e3o a juros controlados. A modalidade ter\u00e1 R$ 115,8 bilh\u00f5es. Os juros foram ajustados sem comprometer a capacidade de pagamento do produtor, com taxas entre 8,5% e 12,75% ao ano, informou o minist\u00e9rio.<\/p>\n<p>Mais dinheiro<\/p>\n<p>Para os produtores beneficiados pelo Programa de Apoio ao M\u00e9dio Produtor (Pronamp), os recursos de custeio aumentaram 15,4% e alcan\u00e7aram R$ 15,7 bilh\u00f5es, com juros anuais de 8,5%.<\/p>\n<p>Os demais recursos do Plano Safra ser\u00e3o disponibilizados para financiamento a taxas de juros livres do mercado.<\/p>\n<p>Para o Minist\u00e9rio da Agricultura, o Plano Safra conta com inova\u00e7\u00f5es em rela\u00e7\u00e3o aos anteriores. Na pecu\u00e1ria de corte, a aquisi\u00e7\u00e3o de animais para recria e engorda deixa de ser considerada investimento e passa para a modalidade de custeio, o que vai proporcionar ao produtor mais recursos na contrata\u00e7\u00e3o de cr\u00e9dito.<\/p>\n<p>Outra novidade \u00e9 que o Minist\u00e9rio da Agricultura negociou com os bancos a emiss\u00e3o de Letras de Cr\u00e9dito do Agroneg\u00f3cio (LCAs) para os produtores a juros controlados. Nos planos anteriores, n\u00e3o havia essa op\u00e7\u00e3o. Os juros eram livres e, portanto, menos atrativos ao setor produtivo.<\/p>\n<p>O Plano Agr\u00edcola e Pecu\u00e1rio 2016\/2017 entra em vigor em 1\u00ba de julho e se estende at\u00e9 30 de junho do ano que vem.<\/p>\n<p>Agricultura Familiar<\/p>\n<p>J\u00e1 os agricultores familiares contar\u00e3o com R$ 30 bilh\u00f5es para o financiamento de projetos individuais ou coletivos destinados \u00e0 produ\u00e7\u00e3o de alimentos b\u00e1sicos. O valor foi divulgado pelo governo federal, durante cerim\u00f4nia de an\u00fancio do Plano Safra da Agricultura Familiar 2016\/2017.<\/p>\n<p>Ana Cristina Campos &#8211; Rep\u00f3rter da Ag\u00eancia Brasil<br \/>\nEdi\u00e7\u00e3o: Kleber Sampaio<br \/>\n05\/05\/2016<\/p>\n","protected":false},"excerpt":{"rendered":"<p>O Plano Safra 2016\/2017 vai disponibilizar R$ 202,88 bilh\u00f5es para produtores rurais. O valor \u00e9 8% maior que o da safra anterior, de R$ 187,7 bilh\u00f5es. O novo Plano Agr\u00edcola e Pecu\u00e1rio foi anunciado pela ministra da Agricultura, Pecu\u00e1ria e Abastecimento, K\u00e1tia Abreu, em cerim\u00f4nia no Pal\u00e1cio do Planalto. \u201cO plano safra, com R$ 202,88 [&hellip;]<\/p>\n","protected":false},"author":2,"featured_media":57583,"comment_status":"open","ping_status":"closed","sticky":false,"template":"","format":"standard","meta":{"_genesis_hide_title":false,"_genesis_hide_breadcrumbs":false,"_genesis_hide_singular_image":false,"_genesis_hide_footer_widgets":false,"_genesis_custom_body_class":"","_genesis_custom_post_class":"","_genesis_layout":"","_jetpack_memberships_contains_paid_content":false,"footnotes":""},"categories":[22,7],"tags":[],"class_list":{"0":"post-85668","1":"post","2":"type-post","3":"status-publish","4":"format-standard","5":"has-post-thumbnail","7":"category-brasil","8":"category-economia","9":"entry","10":"gs-1","11":"gs-odd","12":"gs-even","13":"gs-featured-content-entry"},"jetpack_featured_media_url":"https:\/\/www.redenoticia.com.br\/noticia\/imagens\/economia-grafico.jpg","jetpack_sharing_enabled":true,"jetpack_likes_enabled":true,"_links":{"self":[{"href":"https:\/\/www.redenoticia.com.br\/noticia\/wp-json\/wp\/v2\/posts\/85668","targetHints":{"allow":["GET"]}}],"collection":[{"href":"https:\/\/www.redenoticia.com.br\/noticia\/wp-json\/wp\/v2\/posts"}],"about":[{"href":"https:\/\/www.redenoticia.com.br\/noticia\/wp-json\/wp\/v2\/types\/post"}],"author":[{"embeddable":true,"href":"https:\/\/www.redenoticia.com.br\/noticia\/wp-json\/wp\/v2\/users\/2"}],"replies":[{"embeddable":true,"href":"https:\/\/www.redenoticia.com.br\/noticia\/wp-json\/wp\/v2\/comments?post=85668"}],"version-history":[{"count":0,"href":"https:\/\/www.redenoticia.com.br\/noticia\/wp-json\/wp\/v2\/posts\/85668\/revisions"}],"wp:featuredmedia":[{"embeddable":true,"href":"https:\/\/www.redenoticia.com.br\/noticia\/wp-json\/wp\/v2\/media\/57583"}],"wp:attachment":[{"href":"https:\/\/www.redenoticia.com.br\/noticia\/wp-json\/wp\/v2\/media?parent=85668"}],"wp:term":[{"taxonomy":"category","embeddable":true,"href":"https:\/\/www.redenoticia.com.br\/noticia\/wp-json\/wp\/v2\/categories?post=85668"},{"taxonomy":"post_tag","embeddable":true,"href":"https:\/\/www.redenoticia.com.br\/noticia\/wp-json\/wp\/v2\/tags?post=85668"}],"curies":[{"name":"wp","href":"https:\/\/api.w.org\/{rel}","templated":true}]}}