{"id":85662,"date":"2016-05-05T10:05:03","date_gmt":"2016-05-05T13:05:03","guid":{"rendered":"http:\/\/www.redenoticia.com.br\/noticia\/?p=85662"},"modified":"2016-05-04T19:06:54","modified_gmt":"2016-05-04T22:06:54","slug":"paulistano-ja-pode-escolher-letras-e-numeros-das-placas-de-veiculos-0km","status":"publish","type":"post","link":"https:\/\/www.redenoticia.com.br\/noticia\/2016\/paulistano-ja-pode-escolher-letras-e-numeros-das-placas-de-veiculos-0km\/85662","title":{"rendered":"Paulistano j\u00e1 pode escolher letras e n\u00fameros das placas de ve\u00edculos 0km"},"content":{"rendered":"<p> A partir de agora, os paulistas podem escolher a <strong><em>combina\u00e7\u00e3o alfanum\u00e9rica das placas de seus ve\u00edculos<\/em><\/strong>. Quem quiser indicar os caracteres das placas de um ve\u00edculo 0km pagar\u00e1 ao Detran.SP (Departamento Estadual de Tr\u00e2nsito de S\u00e3o Paulo) um valor extra de R$ 91,18, al\u00e9m da taxa de emplacamento usual, que varia de acordo com o tipo de ve\u00edculo. <\/p>\n<p>A escolha pode ser feita de tr\u00eas formas, apenas letras, apenas n\u00fameros ou a placa completa. Vale refor\u00e7ar que a personaliza\u00e7\u00e3o da placa poder\u00e1 ser feita apenas dentro das op\u00e7\u00f5es alfanum\u00e9ricas dispon\u00edveis para o estado de S\u00e3o Paulo, que atualmente v\u00e3o de BGA 0001 a GKI 9999, desde que j\u00e1 n\u00e3o tenha sido utilizada em outro ve\u00edculo. Cada Estado utiliza uma faixa espec\u00edfica de combina\u00e7\u00e3o de letras e n\u00fameros determinada pelo Denatran (Departamento Nacional de Tr\u00e2nsito).<\/p>\n<p>Quem n\u00e3o indicar n\u00fameros e letras personalizados poder\u00e1 continuar escolhendo entre 20 combina\u00e7\u00f5es alfanum\u00e9ricas aleat\u00f3rias fornecidas pelo sistema do Detran.SP sem necessidade de pagar taxa extra. Uma vez iniciado o procedimento de primeiro registro com uma das 20 op\u00e7\u00f5es disponibilizadas, n\u00e3o \u00e9 poss\u00edvel reverter e optar pela escolha de placas.<\/p>\n<p>No caso de ve\u00edculos j\u00e1 emplacados n\u00e3o \u00e9 poss\u00edvel solicitar a troca da placa para escolher letras e n\u00fameros espec\u00edficos. A placa \u00e9 a identifica\u00e7\u00e3o do ve\u00edculo e deve acompanh\u00e1-lo at\u00e9 a sua baixa definitiva, conforme prev\u00ea a legisla\u00e7\u00e3o federal de tr\u00e2nsito, v\u00e1lida em todo o pa\u00eds.<\/p>\n<p>A possibilidade de escolher as letras e os n\u00fameros da placa veicular foi regulamentada pela lei estadual n\u00ba 16.080, de 28 de dezembro de 2015, ap\u00f3s aprova\u00e7\u00e3o de projeto sobre o tema na Assembleia Legislativa do Estado de S\u00e3o Paulo (Alesp). N\u00e3o h\u00e1 regulamenta\u00e7\u00e3o federal para o servi\u00e7o, que fica a crit\u00e9rio de cada Estado.<\/p>\n<p>A lacra\u00e7\u00e3o custa R$ 97,97 para motos, R$ 101,55 para reboque e semirreboque e R$ 117,91 para os demais ve\u00edculos, como carros, caminh\u00f5es e \u00f4nibus. O valor extra de R$ 91,18 s\u00f3 ser\u00e1 pago por quem quiser optar por uma combina\u00e7\u00e3o alfanum\u00e9rica espec\u00edfica no momento do emplacamento. A cobran\u00e7a da taxa (paga por meio do n\u00famero do CPF ou CNPJ) \u00e9 necess\u00e1ria para custear e manter o sistema informatizado implantado para a execu\u00e7\u00e3o do novo servi\u00e7o.<\/p>\n<p>Para mais informa\u00e7\u00f5es, .<\/p>\n<p>Do Portal do Governo do Estado SP<\/p>\n","protected":false},"excerpt":{"rendered":"<p>A partir de agora, os paulistas podem escolher a combina\u00e7\u00e3o alfanum\u00e9rica das placas de seus ve\u00edculos. Quem quiser indicar os caracteres das placas de um ve\u00edculo 0km pagar\u00e1 ao Detran.SP (Departamento Estadual de Tr\u00e2nsito de S\u00e3o Paulo) um valor extra de R$ 91,18, al\u00e9m da taxa de emplacamento usual, que varia de acordo com o [&hellip;]<\/p>\n","protected":false},"author":2,"featured_media":35207,"comment_status":"open","ping_status":"closed","sticky":false,"template":"","format":"standard","meta":{"_genesis_hide_title":false,"_genesis_hide_breadcrumbs":false,"_genesis_hide_singular_image":false,"_genesis_hide_footer_widgets":false,"_genesis_custom_body_class":"","_genesis_custom_post_class":"","_genesis_layout":"","_jetpack_memberships_contains_paid_content":false,"footnotes":""},"categories":[22],"tags":[],"class_list":{"0":"post-85662","1":"post","2":"type-post","3":"status-publish","4":"format-standard","5":"has-post-thumbnail","7":"category-brasil","8":"entry","9":"gs-1","10":"gs-odd","11":"gs-even","12":"gs-featured-content-entry"},"jetpack_featured_media_url":"https:\/\/www.redenoticia.com.br\/noticia\/imagens\/transito-estradas.jpg","jetpack_sharing_enabled":true,"jetpack_likes_enabled":true,"_links":{"self":[{"href":"https:\/\/www.redenoticia.com.br\/noticia\/wp-json\/wp\/v2\/posts\/85662","targetHints":{"allow":["GET"]}}],"collection":[{"href":"https:\/\/www.redenoticia.com.br\/noticia\/wp-json\/wp\/v2\/posts"}],"about":[{"href":"https:\/\/www.redenoticia.com.br\/noticia\/wp-json\/wp\/v2\/types\/post"}],"author":[{"embeddable":true,"href":"https:\/\/www.redenoticia.com.br\/noticia\/wp-json\/wp\/v2\/users\/2"}],"replies":[{"embeddable":true,"href":"https:\/\/www.redenoticia.com.br\/noticia\/wp-json\/wp\/v2\/comments?post=85662"}],"version-history":[{"count":0,"href":"https:\/\/www.redenoticia.com.br\/noticia\/wp-json\/wp\/v2\/posts\/85662\/revisions"}],"wp:featuredmedia":[{"embeddable":true,"href":"https:\/\/www.redenoticia.com.br\/noticia\/wp-json\/wp\/v2\/media\/35207"}],"wp:attachment":[{"href":"https:\/\/www.redenoticia.com.br\/noticia\/wp-json\/wp\/v2\/media?parent=85662"}],"wp:term":[{"taxonomy":"category","embeddable":true,"href":"https:\/\/www.redenoticia.com.br\/noticia\/wp-json\/wp\/v2\/categories?post=85662"},{"taxonomy":"post_tag","embeddable":true,"href":"https:\/\/www.redenoticia.com.br\/noticia\/wp-json\/wp\/v2\/tags?post=85662"}],"curies":[{"name":"wp","href":"https:\/\/api.w.org\/{rel}","templated":true}]}}