{"id":85592,"date":"2016-05-04T10:55:57","date_gmt":"2016-05-04T13:55:57","guid":{"rendered":"http:\/\/www.redenoticia.com.br\/noticia\/?p=85592"},"modified":"2016-05-03T18:56:54","modified_gmt":"2016-05-03T21:56:54","slug":"vendas-de-veiculos-caem-932-em-abril","status":"publish","type":"post","link":"https:\/\/www.redenoticia.com.br\/noticia\/2016\/vendas-de-veiculos-caem-932-em-abril\/85592","title":{"rendered":"Vendas de ve\u00edculos caem 9,32% em abril"},"content":{"rendered":"<p> As <strong><em>vendas de ve\u00edculos automotores<\/em><\/strong>, incluindo motocicletas e implementos rodovi\u00e1rios, al\u00e9m de autom\u00f3veis, comerciais leves, \u00f4nibus e caminh\u00f5es, nas revendedoras autorizadas de todo o pa\u00eds ca\u00edram 9,32% em abril sobre mar\u00e7o e 21,34% na compara\u00e7\u00e3o com abril do ano passado.<\/p>\n<p>No primeiro quadrimestre deste ano, a comercializa\u00e7\u00e3o recuou 22,52% em rela\u00e7\u00e3o ao mesmo per\u00edodo de 2015. Os dados foram divulgados pela Federa\u00e7\u00e3o Nacional da Distribui\u00e7\u00e3o de Ve\u00edculos Automotores (Fenabrave).<\/p>\n<p>Os autom\u00f3veis tiveram uma procura 10,58% menor do que em mar\u00e7o e recuos ainda mais significativos em rela\u00e7\u00e3o a abril de 2015 (-26,33%) e, no acumulado do ano, -26,40%.<\/p>\n<p>Entre as maiores quedas em mar\u00e7o \u00faltimo est\u00e3o os caminh\u00f5es (-13,07%). O presidente da Fenabrave, Alarico Assump\u00e7\u00e3o J\u00fanior, atribui a retra\u00e7\u00e3o ao desaquecimento da economia.<\/p>\n<p>Sa\u00edda<\/p>\n<p>Ele avalia que o setor enfrenta o pior cen\u00e1rio dos \u00faltimos dez anos e acredita que, caso o pa\u00eds venha a ter um novo governo, a recupera\u00e7\u00e3o s\u00f3 deve come\u00e7ar por volta de 2017.<\/p>\n<p>Ainda de acordo com o presidente da Fenabrave, antes da crise financeira de 2008, de cada 10 propostas de financiamento, 70% eram aprovados e hoje o processo se inverteu devido ao rigor maior na concess\u00e3o do cr\u00e9dito, inseguran\u00e7a de emprego e redu\u00e7\u00e3o da renda.<\/p>\n<p>Diante do fraco desempenho, ele disse que j\u00e1 deixaram de atuar no mercado 1.423 concession\u00e1rias desde janeiro e, no mesmo per\u00edodo, outras 382 empresas do g\u00eanero foram abertas. Em rela\u00e7\u00e3o aos postos de trabalho, foram eliminadas 48.500 vagas.<\/p>\n<p>Marli Moreira &#8211; Rep\u00f3rter da Ag\u00eancia Brasil<br \/>\nEdi\u00e7\u00e3o: Kleber Sampaio<br \/>\n04\/05\/2016<\/p>\n","protected":false},"excerpt":{"rendered":"<p>As vendas de ve\u00edculos automotores, incluindo motocicletas e implementos rodovi\u00e1rios, al\u00e9m de autom\u00f3veis, comerciais leves, \u00f4nibus e caminh\u00f5es, nas revendedoras autorizadas de todo o pa\u00eds ca\u00edram 9,32% em abril sobre mar\u00e7o e 21,34% na compara\u00e7\u00e3o com abril do ano passado. No primeiro quadrimestre deste ano, a comercializa\u00e7\u00e3o recuou 22,52% em rela\u00e7\u00e3o ao mesmo per\u00edodo de [&hellip;]<\/p>\n","protected":false},"author":2,"featured_media":57583,"comment_status":"open","ping_status":"closed","sticky":false,"template":"","format":"standard","meta":{"_genesis_hide_title":false,"_genesis_hide_breadcrumbs":false,"_genesis_hide_singular_image":false,"_genesis_hide_footer_widgets":false,"_genesis_custom_body_class":"","_genesis_custom_post_class":"","_genesis_layout":"","_jetpack_memberships_contains_paid_content":false,"footnotes":""},"categories":[22,7],"tags":[],"class_list":{"0":"post-85592","1":"post","2":"type-post","3":"status-publish","4":"format-standard","5":"has-post-thumbnail","7":"category-brasil","8":"category-economia","9":"entry","10":"gs-1","11":"gs-odd","12":"gs-even","13":"gs-featured-content-entry"},"jetpack_featured_media_url":"https:\/\/www.redenoticia.com.br\/noticia\/imagens\/economia-grafico.jpg","jetpack_sharing_enabled":true,"jetpack_likes_enabled":true,"_links":{"self":[{"href":"https:\/\/www.redenoticia.com.br\/noticia\/wp-json\/wp\/v2\/posts\/85592","targetHints":{"allow":["GET"]}}],"collection":[{"href":"https:\/\/www.redenoticia.com.br\/noticia\/wp-json\/wp\/v2\/posts"}],"about":[{"href":"https:\/\/www.redenoticia.com.br\/noticia\/wp-json\/wp\/v2\/types\/post"}],"author":[{"embeddable":true,"href":"https:\/\/www.redenoticia.com.br\/noticia\/wp-json\/wp\/v2\/users\/2"}],"replies":[{"embeddable":true,"href":"https:\/\/www.redenoticia.com.br\/noticia\/wp-json\/wp\/v2\/comments?post=85592"}],"version-history":[{"count":0,"href":"https:\/\/www.redenoticia.com.br\/noticia\/wp-json\/wp\/v2\/posts\/85592\/revisions"}],"wp:featuredmedia":[{"embeddable":true,"href":"https:\/\/www.redenoticia.com.br\/noticia\/wp-json\/wp\/v2\/media\/57583"}],"wp:attachment":[{"href":"https:\/\/www.redenoticia.com.br\/noticia\/wp-json\/wp\/v2\/media?parent=85592"}],"wp:term":[{"taxonomy":"category","embeddable":true,"href":"https:\/\/www.redenoticia.com.br\/noticia\/wp-json\/wp\/v2\/categories?post=85592"},{"taxonomy":"post_tag","embeddable":true,"href":"https:\/\/www.redenoticia.com.br\/noticia\/wp-json\/wp\/v2\/tags?post=85592"}],"curies":[{"name":"wp","href":"https:\/\/api.w.org\/{rel}","templated":true}]}}