{"id":85590,"date":"2016-05-04T10:54:56","date_gmt":"2016-05-04T13:54:56","guid":{"rendered":"http:\/\/www.redenoticia.com.br\/noticia\/?p=85590"},"modified":"2016-05-03T18:55:52","modified_gmt":"2016-05-03T21:55:52","slug":"lojas-de-material-de-construcao-tem-queda-de-11-nas-vendas","status":"publish","type":"post","link":"https:\/\/www.redenoticia.com.br\/noticia\/2016\/lojas-de-material-de-construcao-tem-queda-de-11-nas-vendas\/85590","title":{"rendered":"Lojas de material de constru\u00e7\u00e3o t\u00eam queda de 11% nas vendas"},"content":{"rendered":"<p> De janeiro a abril deste ano, as vendas no varejo de <strong><em>material de constru\u00e7\u00e3o<\/em><\/strong> ca\u00edram 11% em compara\u00e7\u00e3o a igual per\u00edodo de 2015. Abril sobre mar\u00e7o acusou recuo de 7%. J\u00e1 abril em rela\u00e7\u00e3o a abril do ano passado, a redu\u00e7\u00e3o \u00e9 de 2%.<\/p>\n<p>O resultado \u00e9 de pesquisa &#8211; feita entre 26 e 30 de abril \u00faltimo com 530 lojistas de todo o pa\u00eds &#8211; pelo Instituto de Pesquisas da Associa\u00e7\u00e3o Nacional dos Comerciantes de Material de Constru\u00e7\u00e3o (Anamaco).<\/p>\n<p>No desempenho de abril sobre mar\u00e7o \u00faltimo, a regi\u00e3o Centro-Oeste foi a \u00fanica a apresentar alta: 2%. No Nordeste, ocorreu retra\u00e7\u00e3o de 5%, no Norte (-7%); no Sudeste (-9%) e no Sul (-10%).<\/p>\n<p>N\u00fameros negativos<\/p>\n<p>Entre os itens com as maiores quedas est\u00e3o as telhas de fibrocimento (-7%) ; lou\u00e7as sanit\u00e1rias (-6%), tintas (-5%) e revestimentos cer\u00e2micos (-5%). No per\u00edodo, permaneceram est\u00e1veis as vendas de fechaduras, ferragens e metais sanit\u00e1rios.<\/p>\n<p>Por meio de nota, o presidente da Anamaco, Cl\u00e1udio Conz, afirmou hoje (3) que, al\u00e9m de abril ser, tradicionalmente, ruim para as vendas neste setor, a estiagem at\u00edpica ajudou a atrapalhar os neg\u00f3cios. \u201cAs chuvas atrapalham quando est\u00e3o acontecendo, obrigando o consumidor a adiar as obras, mas a falta delas tamb\u00e9m prejudica o nosso setor, pois acaba gerando menos manuten\u00e7\u00e3o ou estragos e menos demanda por obras\u201d, afirmou.<\/p>\n<p>Quanto \u00e0 sondagem sobre as expectativas de vendas para maio, a Anamaco informou que 44% dos lojistas acreditam em estabilidade; 43% apostam em aumento e 13% temem novo recuo. A pesquisa indica, ainda, melhora no \u00edndice de confian\u00e7a no governo federal, que passou de 21% para 34%, resultando na inten\u00e7\u00e3o de aumentar as contrata\u00e7\u00f5es de trabalhadores. Cerca de 33% dos pesquisados disseram que v\u00e3o planejar novos investimentos nos pr\u00f3ximos 12 meses.<\/p>\n<p>Marli Moreira &#8211; Rep\u00f3rter da Ag\u00eancia Brasil<br \/>\nEdi\u00e7\u00e3o: Kleber Sampaio<br \/>\n04\/05\/2016<\/p>\n","protected":false},"excerpt":{"rendered":"<p>De janeiro a abril deste ano, as vendas no varejo de material de constru\u00e7\u00e3o ca\u00edram 11% em compara\u00e7\u00e3o a igual per\u00edodo de 2015. Abril sobre mar\u00e7o acusou recuo de 7%. J\u00e1 abril em rela\u00e7\u00e3o a abril do ano passado, a redu\u00e7\u00e3o \u00e9 de 2%. O resultado \u00e9 de pesquisa &#8211; feita entre 26 e 30 [&hellip;]<\/p>\n","protected":false},"author":2,"featured_media":40734,"comment_status":"open","ping_status":"closed","sticky":false,"template":"","format":"standard","meta":{"_genesis_hide_title":false,"_genesis_hide_breadcrumbs":false,"_genesis_hide_singular_image":false,"_genesis_hide_footer_widgets":false,"_genesis_custom_body_class":"","_genesis_custom_post_class":"","_genesis_layout":"","_jetpack_memberships_contains_paid_content":false,"footnotes":""},"categories":[22,7],"tags":[],"class_list":{"0":"post-85590","1":"post","2":"type-post","3":"status-publish","4":"format-standard","5":"has-post-thumbnail","7":"category-brasil","8":"category-economia","9":"entry","10":"gs-1","11":"gs-odd","12":"gs-even","13":"gs-featured-content-entry"},"jetpack_featured_media_url":"https:\/\/www.redenoticia.com.br\/noticia\/imagens\/economia-resultados.jpg","jetpack_sharing_enabled":true,"jetpack_likes_enabled":true,"_links":{"self":[{"href":"https:\/\/www.redenoticia.com.br\/noticia\/wp-json\/wp\/v2\/posts\/85590","targetHints":{"allow":["GET"]}}],"collection":[{"href":"https:\/\/www.redenoticia.com.br\/noticia\/wp-json\/wp\/v2\/posts"}],"about":[{"href":"https:\/\/www.redenoticia.com.br\/noticia\/wp-json\/wp\/v2\/types\/post"}],"author":[{"embeddable":true,"href":"https:\/\/www.redenoticia.com.br\/noticia\/wp-json\/wp\/v2\/users\/2"}],"replies":[{"embeddable":true,"href":"https:\/\/www.redenoticia.com.br\/noticia\/wp-json\/wp\/v2\/comments?post=85590"}],"version-history":[{"count":0,"href":"https:\/\/www.redenoticia.com.br\/noticia\/wp-json\/wp\/v2\/posts\/85590\/revisions"}],"wp:featuredmedia":[{"embeddable":true,"href":"https:\/\/www.redenoticia.com.br\/noticia\/wp-json\/wp\/v2\/media\/40734"}],"wp:attachment":[{"href":"https:\/\/www.redenoticia.com.br\/noticia\/wp-json\/wp\/v2\/media?parent=85590"}],"wp:term":[{"taxonomy":"category","embeddable":true,"href":"https:\/\/www.redenoticia.com.br\/noticia\/wp-json\/wp\/v2\/categories?post=85590"},{"taxonomy":"post_tag","embeddable":true,"href":"https:\/\/www.redenoticia.com.br\/noticia\/wp-json\/wp\/v2\/tags?post=85590"}],"curies":[{"name":"wp","href":"https:\/\/api.w.org\/{rel}","templated":true}]}}