{"id":85584,"date":"2016-05-04T10:50:24","date_gmt":"2016-05-04T13:50:24","guid":{"rendered":"http:\/\/www.redenoticia.com.br\/noticia\/?p=85584"},"modified":"2016-05-03T18:51:33","modified_gmt":"2016-05-03T21:51:33","slug":"crescimento-da-china-e-do-japao-vai-diminuir-de-forma-acentuada-diz-fmi","status":"publish","type":"post","link":"https:\/\/www.redenoticia.com.br\/noticia\/2016\/crescimento-da-china-e-do-japao-vai-diminuir-de-forma-acentuada-diz-fmi\/85584","title":{"rendered":"Crescimento da China e do Jap\u00e3o vai diminuir de forma acentuada, diz FMI"},"content":{"rendered":"<p> As <strong><em>economias da China e do Jap\u00e3o<\/em><\/strong> devem desacelerar de forma acentuada nos pr\u00f3ximos dois anos, mas o crescimento da \u00c1sia vai continuar forte, com a procura dom\u00e9stica a compensar o fraco com\u00e9rcio global, informou o Fundo Monet\u00e1rio Internacional (FMI).<\/p>\n<p>Medidas de est\u00edmulo governamentais, a descida do pre\u00e7o das mat\u00e9rias-primas e o desemprego reduzido v\u00e3o ajudar a expans\u00e3o regional, acrescentou FMI, incentivando os l\u00edderes nacionais a avan\u00e7arem com reformas.<\/p>\n<p>O fundo alertou, no entanto, para v\u00e1rios desafios externos, como o enfraquecimento das economias desenvolvidas e do com\u00e9rcio global e o aumento da volatilidade dos mercados financeiros globais.<\/p>\n<p>Desde a \u00faltima an\u00e1lise sobre a regi\u00e3o, em outubro, os mercados globais revelaram-se mais vol\u00e1teis e a preocupa\u00e7\u00e3o com a economia chinesa e a queda dos pre\u00e7os do petr\u00f3leo tiveram impacto nas a\u00e7\u00f5es em janeiro e fevereiro, que desvalorizaram em bilh\u00f5es de d\u00f3lares. Apesar de uma ligeira recupera\u00e7\u00e3o desde mar\u00e7o, os investidores continuam reticentes.<\/p>\n<p>\u201cA \u00c1sia continua a ser a parte mais din\u00e2mica da economia global, mas enfrenta severas adversidades devido \u00e0 lenta recupera\u00e7\u00e3o global, ao fraco com\u00e9rcio global e ao impacto em curto prazo da transi\u00e7\u00e3o de crescimento da China\u201d, disse o FMI.<\/p>\n<p>Ainda segundo o fundo, para fortalecer a resist\u00eancia aos riscos globais e continuar a ser uma fonte de dinamismo, os dirigentes da regi\u00e3o devem avan\u00e7ar com reformas estruturais para aumentar a produtividade e criar espa\u00e7o fiscal, ao mesmo tempo em que apoiam a procura.<\/p>\n<p>O FMI havia estimado que o crescimento da \u00c1sia fosse de 5,3% este ano e no pr\u00f3ximo, menos que a estimativa anterior de 5,4%.<\/p>\n<p>A economia da China, a segunda maior do mundo e impulsionadora do crescimento global, deve crescer 6,5% este ano e 6,2% em 2017.<\/p>\n<p>Ag\u00eancia Brasil<br \/>\nDa Ag\u00eancia Lusa<br \/>\n04\/05\/2016<\/p>\n","protected":false},"excerpt":{"rendered":"<p>As economias da China e do Jap\u00e3o devem desacelerar de forma acentuada nos pr\u00f3ximos dois anos, mas o crescimento da \u00c1sia vai continuar forte, com a procura dom\u00e9stica a compensar o fraco com\u00e9rcio global, informou o Fundo Monet\u00e1rio Internacional (FMI). Medidas de est\u00edmulo governamentais, a descida do pre\u00e7o das mat\u00e9rias-primas e o desemprego reduzido v\u00e3o [&hellip;]<\/p>\n","protected":false},"author":2,"featured_media":57585,"comment_status":"open","ping_status":"closed","sticky":false,"template":"","format":"standard","meta":{"_genesis_hide_title":false,"_genesis_hide_breadcrumbs":false,"_genesis_hide_singular_image":false,"_genesis_hide_footer_widgets":false,"_genesis_custom_body_class":"","_genesis_custom_post_class":"","_genesis_layout":"","_jetpack_memberships_contains_paid_content":false,"footnotes":""},"categories":[22,7],"tags":[],"class_list":{"0":"post-85584","1":"post","2":"type-post","3":"status-publish","4":"format-standard","5":"has-post-thumbnail","7":"category-brasil","8":"category-economia","9":"entry","10":"gs-1","11":"gs-odd","12":"gs-even","13":"gs-featured-content-entry"},"jetpack_featured_media_url":"https:\/\/www.redenoticia.com.br\/noticia\/imagens\/analise-economia.jpg","jetpack_sharing_enabled":true,"jetpack_likes_enabled":true,"_links":{"self":[{"href":"https:\/\/www.redenoticia.com.br\/noticia\/wp-json\/wp\/v2\/posts\/85584","targetHints":{"allow":["GET"]}}],"collection":[{"href":"https:\/\/www.redenoticia.com.br\/noticia\/wp-json\/wp\/v2\/posts"}],"about":[{"href":"https:\/\/www.redenoticia.com.br\/noticia\/wp-json\/wp\/v2\/types\/post"}],"author":[{"embeddable":true,"href":"https:\/\/www.redenoticia.com.br\/noticia\/wp-json\/wp\/v2\/users\/2"}],"replies":[{"embeddable":true,"href":"https:\/\/www.redenoticia.com.br\/noticia\/wp-json\/wp\/v2\/comments?post=85584"}],"version-history":[{"count":0,"href":"https:\/\/www.redenoticia.com.br\/noticia\/wp-json\/wp\/v2\/posts\/85584\/revisions"}],"wp:featuredmedia":[{"embeddable":true,"href":"https:\/\/www.redenoticia.com.br\/noticia\/wp-json\/wp\/v2\/media\/57585"}],"wp:attachment":[{"href":"https:\/\/www.redenoticia.com.br\/noticia\/wp-json\/wp\/v2\/media?parent=85584"}],"wp:term":[{"taxonomy":"category","embeddable":true,"href":"https:\/\/www.redenoticia.com.br\/noticia\/wp-json\/wp\/v2\/categories?post=85584"},{"taxonomy":"post_tag","embeddable":true,"href":"https:\/\/www.redenoticia.com.br\/noticia\/wp-json\/wp\/v2\/tags?post=85584"}],"curies":[{"name":"wp","href":"https:\/\/api.w.org\/{rel}","templated":true}]}}