{"id":85582,"date":"2016-05-04T10:49:27","date_gmt":"2016-05-04T13:49:27","guid":{"rendered":"http:\/\/www.redenoticia.com.br\/noticia\/?p=85582"},"modified":"2016-05-03T18:50:20","modified_gmt":"2016-05-03T21:50:20","slug":"unesp-lanca-36-novos-livros-digitais-gratuitos","status":"publish","type":"post","link":"https:\/\/www.redenoticia.com.br\/noticia\/2016\/unesp-lanca-36-novos-livros-digitais-gratuitos\/85582","title":{"rendered":"Unesp lan\u00e7a 36 novos livros digitais gratuitos"},"content":{"rendered":"<p> A Unesp lan\u00e7ou 36 novos <strong><em>livros digitais<\/em><\/strong> gratuitos nas \u00e1reas de Ci\u00eancias Humanas, Ci\u00eancias Sociais e Aplicadas e Lingu\u00edstica, Letras e Artes. O conte\u00fado ficar\u00e1 dispon\u00edvel \u00a0no formato Creative Commons (licen\u00e7a para uso n\u00e3o comercial, vedada a cria\u00e7\u00e3o de obras derivadas).<\/p>\n<p>A a\u00e7\u00e3o \u00e9 feita pela Pr\u00f3-Reitoria de P\u00f3s-Gradua\u00e7\u00e3o da Unesp e a Funda\u00e7\u00e3o Editora da Unesp. O Programa de Publica\u00e7\u00f5es Digitais da Unesp \u00e9 o \u00fanico que concebe a publica\u00e7\u00e3o original de obras em formato digital.<\/p>\n<p>Com os novos t\u00edtulos, a cole\u00e7\u00e3o totaliza 322 t\u00edtulos. Mais de 20 milh\u00f5es de downloads j\u00e1 foram realizados.<\/p>\n<p>Do Portal do Governo do Estado SP<\/p>\n<p>&#8212;<br \/>\n CULTURA ACAD\u00caMICA \u00e9 o segundo selo da Funda\u00e7\u00e3o Editora da UNESP, cujo selo central \u00e9 o EDITORA UNESP, que existe desde 1987 e tornou-se marca j\u00e1 consagrada com um cat\u00e1logo que a caracteriza como editora universit\u00e1ria de destaque junto ao leitor brasileiro e ibero-americano. O segundo selo foi criado h\u00e1 alguns anos para auxiliar principalmente o atendimento \u00e0s m\u00faltiplas demandas editoriais da Universidade Estadual Paulista &#8211; UNESP &#8211; uma universidade multicampus e com um enorme contingente de docentes, pesquisadores e p\u00f3s-graduandos. Com a amplia\u00e7\u00e3o do n\u00famero de t\u00edtulos editados pelo selo CULTURA ACAD\u00caMICA, a Funda\u00e7\u00e3o Editora da UNESP abre novas oportunidades de publica\u00e7\u00e3o num momento em que a pesquisa acad\u00eamica e sua divulga\u00e7\u00e3o s\u00e3o cada vez mais necess\u00e1rias.<\/p>\n<p>Aut\u00f4nomo e descentralizado em rela\u00e7\u00e3o ao selo de origem, o CULTURA ACAD\u00caMICA presta-se a novas experimenta\u00e7\u00f5es, abre-se a parcerias editoriais com \u00f3rg\u00e3os da dire\u00e7\u00e3o central da UNESP assim como com suas v\u00e1rias unidades universit\u00e1rias e cursos de p\u00f3s-gradua\u00e7\u00e3o, buscando sempre a qualidade pautada nos conselhos editorias e comiss\u00f5es cient\u00edficas respons\u00e1veis por cada um dos volumes publicados. Assim surgiram as publica\u00e7\u00f5es do selo em parceria com v\u00e1rias Faculdades e Institutos da UNESP e, com a abertura deste s\u00edtio virtual, inaugura-se a Cole\u00e7\u00e3o PROPG-DIGITAL, que publica livros em primeira edi\u00e7\u00e3o apenas nos formatos digitais, com a possibilidade de download gratuito.<\/p>\n<p>Esta cole\u00e7\u00e3o surge em fun\u00e7\u00e3o da tradicional parceria entre a Pr\u00f3-Reitoria de P\u00f3s-Gradua\u00e7\u00e3o da UNESP &#8211; PROPG &#8211; e a Funda\u00e7\u00e3o Editora da UNESP, ambas respons\u00e1veis pelo lan\u00e7amento de centenas de t\u00edtulos e novos autores da Universidade em outros programas editoriais com suporte em papel. Sintonizada com as tecnologias da textualidade eletr\u00f4nica e tamb\u00e9m com a transmiss\u00e3o gratuita de conhecimento gerado nas pesquisas da universidade p\u00fablica, a Cole\u00e7\u00e3o PROPG-DIGITAL \u00e9 tamb\u00e9m a primeira experi\u00eancia da Funda\u00e7\u00e3o com o livro digital e ser\u00e1 importante laborat\u00f3rio de novas iniciativas nesta \u00e1rea que conquista gradualmente seu lugar no imenso universo de possibilidades da publica\u00e7\u00e3o e da leitura acad\u00eamica.<\/p>\n","protected":false},"excerpt":{"rendered":"<p>A Unesp lan\u00e7ou 36 novos livros digitais gratuitos nas \u00e1reas de Ci\u00eancias Humanas, Ci\u00eancias Sociais e Aplicadas e Lingu\u00edstica, Letras e Artes. O conte\u00fado ficar\u00e1 dispon\u00edvel \u00a0no formato Creative Commons (licen\u00e7a para uso n\u00e3o comercial, vedada a cria\u00e7\u00e3o de obras derivadas). A a\u00e7\u00e3o \u00e9 feita pela Pr\u00f3-Reitoria de P\u00f3s-Gradua\u00e7\u00e3o da Unesp e a Funda\u00e7\u00e3o Editora [&hellip;]<\/p>\n","protected":false},"author":2,"featured_media":37419,"comment_status":"open","ping_status":"closed","sticky":false,"template":"","format":"standard","meta":{"_genesis_hide_title":false,"_genesis_hide_breadcrumbs":false,"_genesis_hide_singular_image":false,"_genesis_hide_footer_widgets":false,"_genesis_custom_body_class":"","_genesis_custom_post_class":"","_genesis_layout":"","_jetpack_memberships_contains_paid_content":false,"footnotes":""},"categories":[22],"tags":[],"class_list":{"0":"post-85582","1":"post","2":"type-post","3":"status-publish","4":"format-standard","5":"has-post-thumbnail","7":"category-brasil","8":"entry","9":"gs-1","10":"gs-odd","11":"gs-even","12":"gs-featured-content-entry"},"jetpack_featured_media_url":"https:\/\/www.redenoticia.com.br\/noticia\/imagens\/computador-tecnologia.jpg","jetpack_sharing_enabled":true,"jetpack_likes_enabled":true,"_links":{"self":[{"href":"https:\/\/www.redenoticia.com.br\/noticia\/wp-json\/wp\/v2\/posts\/85582","targetHints":{"allow":["GET"]}}],"collection":[{"href":"https:\/\/www.redenoticia.com.br\/noticia\/wp-json\/wp\/v2\/posts"}],"about":[{"href":"https:\/\/www.redenoticia.com.br\/noticia\/wp-json\/wp\/v2\/types\/post"}],"author":[{"embeddable":true,"href":"https:\/\/www.redenoticia.com.br\/noticia\/wp-json\/wp\/v2\/users\/2"}],"replies":[{"embeddable":true,"href":"https:\/\/www.redenoticia.com.br\/noticia\/wp-json\/wp\/v2\/comments?post=85582"}],"version-history":[{"count":0,"href":"https:\/\/www.redenoticia.com.br\/noticia\/wp-json\/wp\/v2\/posts\/85582\/revisions"}],"wp:featuredmedia":[{"embeddable":true,"href":"https:\/\/www.redenoticia.com.br\/noticia\/wp-json\/wp\/v2\/media\/37419"}],"wp:attachment":[{"href":"https:\/\/www.redenoticia.com.br\/noticia\/wp-json\/wp\/v2\/media?parent=85582"}],"wp:term":[{"taxonomy":"category","embeddable":true,"href":"https:\/\/www.redenoticia.com.br\/noticia\/wp-json\/wp\/v2\/categories?post=85582"},{"taxonomy":"post_tag","embeddable":true,"href":"https:\/\/www.redenoticia.com.br\/noticia\/wp-json\/wp\/v2\/tags?post=85582"}],"curies":[{"name":"wp","href":"https:\/\/api.w.org\/{rel}","templated":true}]}}