{"id":85500,"date":"2016-05-03T10:24:36","date_gmt":"2016-05-03T13:24:36","guid":{"rendered":"http:\/\/www.redenoticia.com.br\/noticia\/?p=85500"},"modified":"2016-05-02T19:25:29","modified_gmt":"2016-05-02T22:25:29","slug":"emprego-na-industria-cai-pelo-14o-mes-seguido","status":"publish","type":"post","link":"https:\/\/www.redenoticia.com.br\/noticia\/2016\/emprego-na-industria-cai-pelo-14o-mes-seguido\/85500","title":{"rendered":"Emprego na ind\u00fastria cai pelo 14\u00ba m\u00eas seguido"},"content":{"rendered":"<p> O faturamento da ind\u00fastria caiu em mar\u00e7o, ap\u00f3s dois meses seguidos de crescimento. De acordo com a pesquisa Indicadores Industriais divulgada pela Confedera\u00e7\u00e3o Nacional da Ind\u00fastria, o faturamento de mar\u00e7o sofreu queda de 1,2% ante fevereiro, na s\u00e9rie livre de influ\u00eancias sazonais. O <strong><em>emprego<\/em><\/strong>, com baixa de 0,6% no per\u00edodo, caiu pelo 14\u00ba m\u00eas consecutivo.<\/p>\n<p>A ind\u00fastria operou, em m\u00e9dia, com 77,4% da capacidade instalada em mar\u00e7o, recuo de 0,3 ponto percentual frente a fevereiro, na s\u00e9rie livre de efeitos sazonais. Esse \u00e9 o segundo menor valor da s\u00e9rie hist\u00f3rica do indicador iniciada em 2003, atr\u00e1s dos 77,1% registrados em janeiro deste ano.<\/p>\n<p>As horas trabalhadas na ind\u00fastria registraram alta de 0,2% em mar\u00e7o. A massa salarial, com queda de 0,3% no per\u00edodo, retraiu pelo nono m\u00eas consecutivo. O rendimento m\u00e9dio real dos trabalhadores aumentou 0,2% em mar\u00e7o na compara\u00e7\u00e3o com fevereiro.<\/p>\n<p>Segundo a confedera\u00e7\u00e3o a ind\u00fastria, todos os indicadores tiveram queda nos tr\u00eas primeiros meses do ano ante o primeiro trimestre de 2015. Enquanto o faturamento recuou 13,2% e as horas trabalhadas apresentaram retra\u00e7\u00e3o de 10,5%, o emprego caiu 9,3% nesta base de compara\u00e7\u00e3o. A massa salarial ficou 10,7% inferior e o rendimento m\u00e9dio dos trabalhadores 1,5% abaixo do registrado nos primeiros meses de 2015.<\/p>\n<p>Da Ag\u00eancia Brasil<br \/>\nEdi\u00e7\u00e3o: Beto Coura<br \/>\n03\/05\/2016<\/p>\n","protected":false},"excerpt":{"rendered":"<p>O faturamento da ind\u00fastria caiu em mar\u00e7o, ap\u00f3s dois meses seguidos de crescimento. De acordo com a pesquisa Indicadores Industriais divulgada pela Confedera\u00e7\u00e3o Nacional da Ind\u00fastria, o faturamento de mar\u00e7o sofreu queda de 1,2% ante fevereiro, na s\u00e9rie livre de influ\u00eancias sazonais. O emprego, com baixa de 0,6% no per\u00edodo, caiu pelo 14\u00ba m\u00eas consecutivo. [&hellip;]<\/p>\n","protected":false},"author":2,"featured_media":57585,"comment_status":"open","ping_status":"closed","sticky":false,"template":"","format":"standard","meta":{"_genesis_hide_title":false,"_genesis_hide_breadcrumbs":false,"_genesis_hide_singular_image":false,"_genesis_hide_footer_widgets":false,"_genesis_custom_body_class":"","_genesis_custom_post_class":"","_genesis_layout":"","_jetpack_memberships_contains_paid_content":false,"footnotes":""},"categories":[22,7],"tags":[],"class_list":{"0":"post-85500","1":"post","2":"type-post","3":"status-publish","4":"format-standard","5":"has-post-thumbnail","7":"category-brasil","8":"category-economia","9":"entry","10":"gs-1","11":"gs-odd","12":"gs-even","13":"gs-featured-content-entry"},"jetpack_featured_media_url":"https:\/\/www.redenoticia.com.br\/noticia\/imagens\/analise-economia.jpg","jetpack_sharing_enabled":true,"jetpack_likes_enabled":true,"_links":{"self":[{"href":"https:\/\/www.redenoticia.com.br\/noticia\/wp-json\/wp\/v2\/posts\/85500","targetHints":{"allow":["GET"]}}],"collection":[{"href":"https:\/\/www.redenoticia.com.br\/noticia\/wp-json\/wp\/v2\/posts"}],"about":[{"href":"https:\/\/www.redenoticia.com.br\/noticia\/wp-json\/wp\/v2\/types\/post"}],"author":[{"embeddable":true,"href":"https:\/\/www.redenoticia.com.br\/noticia\/wp-json\/wp\/v2\/users\/2"}],"replies":[{"embeddable":true,"href":"https:\/\/www.redenoticia.com.br\/noticia\/wp-json\/wp\/v2\/comments?post=85500"}],"version-history":[{"count":0,"href":"https:\/\/www.redenoticia.com.br\/noticia\/wp-json\/wp\/v2\/posts\/85500\/revisions"}],"wp:featuredmedia":[{"embeddable":true,"href":"https:\/\/www.redenoticia.com.br\/noticia\/wp-json\/wp\/v2\/media\/57585"}],"wp:attachment":[{"href":"https:\/\/www.redenoticia.com.br\/noticia\/wp-json\/wp\/v2\/media?parent=85500"}],"wp:term":[{"taxonomy":"category","embeddable":true,"href":"https:\/\/www.redenoticia.com.br\/noticia\/wp-json\/wp\/v2\/categories?post=85500"},{"taxonomy":"post_tag","embeddable":true,"href":"https:\/\/www.redenoticia.com.br\/noticia\/wp-json\/wp\/v2\/tags?post=85500"}],"curies":[{"name":"wp","href":"https:\/\/api.w.org\/{rel}","templated":true}]}}