{"id":85498,"date":"2016-05-03T10:23:20","date_gmt":"2016-05-03T13:23:20","guid":{"rendered":"http:\/\/www.redenoticia.com.br\/noticia\/?p=85498"},"modified":"2016-05-02T19:24:23","modified_gmt":"2016-05-02T22:24:23","slug":"mercado-financeiro-projeta-inflacao-de-694-e-queda-da-economia-em-389","status":"publish","type":"post","link":"https:\/\/www.redenoticia.com.br\/noticia\/2016\/mercado-financeiro-projeta-inflacao-de-694-e-queda-da-economia-em-389\/85498","title":{"rendered":"Mercado financeiro projeta infla\u00e7\u00e3o de 6,94% e queda da economia em 3,89%"},"content":{"rendered":"<p> A proje\u00e7\u00e3o de institui\u00e7\u00f5es financeiras para a <strong><em>infla\u00e7\u00e3o<\/em><\/strong> este ano foi reduzida pela oitava semana consecutiva. Desta vez, a estimativa para o \u00cdndice Nacional de Pre\u00e7os ao Consumidor Amplo (IPCA) passou de 6,98% para 6,94%. Para 2017, a proje\u00e7\u00e3o foi reduzida de 5,80% para 5,72%, no quarto ajuste consecutivo. Os n\u00fameros s\u00e3o do Boletim Focus, que \u00e9 divulgado pelo Banco Central (BC). Ele traz proje\u00e7\u00f5es de institui\u00e7\u00f5es financeiras consultadas semanalmente sobre os principais indicadores da economia.<\/p>\n<p>Mesmo com as redu\u00e7\u00f5es, as estimativas est\u00e3o acima do centro da meta de 4,5%. O limite superior da meta de infla\u00e7\u00e3o \u00e9 6,5%, este ano e 6%, em 2017. \u00c9 fun\u00e7\u00e3o do Banco Centra fazer com que a infla\u00e7\u00e3o fique dentro da meta. Um dos instrumentos usados para influenciar a atividade econ\u00f4mica e a infla\u00e7\u00e3o \u00e9 a taxa b\u00e1sica de juros, a Selic.<\/p>\n<p>Quando o Comit\u00ea de Pol\u00edtica Monet\u00e1ria do Banco Central aumenta a Selic, a meta \u00e9 conter a demanda aquecida, e isso gera reflexos nos pre\u00e7os, porque os juros mais altos encarecem o cr\u00e9dito e estimulam a poupan\u00e7a. J\u00e1 quando o Copom reduz os juros b\u00e1sicos, a tend\u00eancia \u00e9 que o cr\u00e9dito fique mais barato, com incentivo \u00e0 produ\u00e7\u00e3o e ao consumo, mas a medida alivia o controle sobre a infla\u00e7\u00e3o.<\/p>\n<p>O BC tem que encontrar equil\u00edbrio ao tomar decis\u00f5es sobre a taxa b\u00e1sica de juros, de modo a fazer com que a infla\u00e7\u00e3o fique dentro da meta estabelecida pelo Conselho Monet\u00e1rio Nacional.<\/p>\n<p>A proje\u00e7\u00e3o das institui\u00e7\u00f5es financeiras para a Selic, ao final de 2016, foi mantida em 13,25% ao ano. Para o fim de 2017, a expectativa passou de 12% para 11,75% ao ano. Atualmente, a Selic est\u00e1 em 14,25% ao ano.<\/p>\n<p>Atividade econ\u00f4mica<\/p>\n<p>A estimativa para a queda do Produto Interno Bruto (PIB), a soma de todos os bens e servi\u00e7os produzidos no pa\u00eds, foi alterada de 3,88% para 3,89%, na d\u00e9cima quinta piora consecutiva. Para 2017, a estimativa subiu de 0,30% para 0,40%, no segundo ajuste seguido.<\/p>\n<p>A estimativa para a queda da produ\u00e7\u00e3o industrial passou de 5,80% para 5,83%, este ano. Para 2017, a proje\u00e7\u00e3o de crescimento foi ajustada de 0,54% para 0,50%.<\/p>\n<p>A proje\u00e7\u00e3o para a cota\u00e7\u00e3o do d\u00f3lar passou de R$ 3,80 para R$ 3,72 ao fim deste ano, e de R$ 4 para R$ 3,91, no fim de 2017.<\/p>\n<p>Kelly Oliveira &#8211; Rep\u00f3rter da Ag\u00eancia Brasil<br \/>\nEdi\u00e7\u00e3o: Kleber Sampaio<br \/>\n03\/05\/2016<\/p>\n","protected":false},"excerpt":{"rendered":"<p>A proje\u00e7\u00e3o de institui\u00e7\u00f5es financeiras para a infla\u00e7\u00e3o este ano foi reduzida pela oitava semana consecutiva. Desta vez, a estimativa para o \u00cdndice Nacional de Pre\u00e7os ao Consumidor Amplo (IPCA) passou de 6,98% para 6,94%. Para 2017, a proje\u00e7\u00e3o foi reduzida de 5,80% para 5,72%, no quarto ajuste consecutivo. Os n\u00fameros s\u00e3o do Boletim Focus, [&hellip;]<\/p>\n","protected":false},"author":2,"featured_media":57583,"comment_status":"open","ping_status":"closed","sticky":false,"template":"","format":"standard","meta":{"_genesis_hide_title":false,"_genesis_hide_breadcrumbs":false,"_genesis_hide_singular_image":false,"_genesis_hide_footer_widgets":false,"_genesis_custom_body_class":"","_genesis_custom_post_class":"","_genesis_layout":"","_jetpack_memberships_contains_paid_content":false,"footnotes":""},"categories":[22,7],"tags":[],"class_list":{"0":"post-85498","1":"post","2":"type-post","3":"status-publish","4":"format-standard","5":"has-post-thumbnail","7":"category-brasil","8":"category-economia","9":"entry","10":"gs-1","11":"gs-odd","12":"gs-even","13":"gs-featured-content-entry"},"jetpack_featured_media_url":"https:\/\/www.redenoticia.com.br\/noticia\/imagens\/economia-grafico.jpg","jetpack_sharing_enabled":true,"jetpack_likes_enabled":true,"_links":{"self":[{"href":"https:\/\/www.redenoticia.com.br\/noticia\/wp-json\/wp\/v2\/posts\/85498","targetHints":{"allow":["GET"]}}],"collection":[{"href":"https:\/\/www.redenoticia.com.br\/noticia\/wp-json\/wp\/v2\/posts"}],"about":[{"href":"https:\/\/www.redenoticia.com.br\/noticia\/wp-json\/wp\/v2\/types\/post"}],"author":[{"embeddable":true,"href":"https:\/\/www.redenoticia.com.br\/noticia\/wp-json\/wp\/v2\/users\/2"}],"replies":[{"embeddable":true,"href":"https:\/\/www.redenoticia.com.br\/noticia\/wp-json\/wp\/v2\/comments?post=85498"}],"version-history":[{"count":0,"href":"https:\/\/www.redenoticia.com.br\/noticia\/wp-json\/wp\/v2\/posts\/85498\/revisions"}],"wp:featuredmedia":[{"embeddable":true,"href":"https:\/\/www.redenoticia.com.br\/noticia\/wp-json\/wp\/v2\/media\/57583"}],"wp:attachment":[{"href":"https:\/\/www.redenoticia.com.br\/noticia\/wp-json\/wp\/v2\/media?parent=85498"}],"wp:term":[{"taxonomy":"category","embeddable":true,"href":"https:\/\/www.redenoticia.com.br\/noticia\/wp-json\/wp\/v2\/categories?post=85498"},{"taxonomy":"post_tag","embeddable":true,"href":"https:\/\/www.redenoticia.com.br\/noticia\/wp-json\/wp\/v2\/tags?post=85498"}],"curies":[{"name":"wp","href":"https:\/\/api.w.org\/{rel}","templated":true}]}}