{"id":85488,"date":"2016-05-03T10:17:00","date_gmt":"2016-05-03T13:17:00","guid":{"rendered":"http:\/\/www.redenoticia.com.br\/noticia\/?p=85488"},"modified":"2016-05-02T19:18:26","modified_gmt":"2016-05-02T22:18:26","slug":"pos-doutorado-em-materiais-vitreos-com-bolsa-da-fapesp","status":"publish","type":"post","link":"https:\/\/www.redenoticia.com.br\/noticia\/2016\/pos-doutorado-em-materiais-vitreos-com-bolsa-da-fapesp\/85488","title":{"rendered":"P\u00f3s-doutorado em materiais v\u00edtreos com Bolsa da FAPESP"},"content":{"rendered":"<p> Ag\u00eancia FAPESP \u2013 O Centro de Pesquisa, Tecnologia e Educa\u00e7\u00e3o em <em><strong>Materiais V\u00edtreos<\/strong><\/em> (, na sigla em ingl\u00eas) \u2013 um  da FAPESP \u2013 est\u00e1 com vagas abertas para p\u00f3s-doutoramento.<\/p>\n<p>As oportunidades, com Bolsas da FAPESP, est\u00e3o dispon\u00edveis para a realiza\u00e7\u00e3o de investiga\u00e7\u00e3o fundamental e aplicada em S\u00e3o Carlos. O per\u00edodo da bolsa \u00e9 de dois anos, a partir de agosto de 2016, renov\u00e1vel por mais dois anos por acordo m\u00fatuo.<\/p>\n<p>O CeRTEV \u00e9 um projeto de 11 anos (come\u00e7ou em 2013), resultante de esfor\u00e7o conjunto da Universidade Federal de S\u00e3o Carlos (UFSCar), da Universidade de S\u00e3o Paulo (USP) e da Universidade Estadual Paulista (Unesp), para realizar pesquisas na \u00e1rea de vidros funcionais e vitrocer\u00e2micas.<\/p>\n<p>Segundo Edgar Dutra Zanotto, coordenador do CeRTEV, a pesquisa de p\u00f3s-doutorado ser\u00e1 focada em investiga\u00e7\u00e3o fundamental e\/ou aplicada sobre vidros ou vitrocer\u00e2micos.<\/p>\n<p>O pesquisador dever\u00e1 conduzir as atividades de p\u00f3s-doutoramento em um dos laborat\u00f3rios CeRTEV e ser\u00e1 supervisionado por um dos investigadores principais, mas em estreita colabora\u00e7\u00e3o com outros pesquisadores do centro.<\/p>\n<p>Os candidatos devem ter doutorado em F\u00edsica, Qu\u00edmica, Ci\u00eancia dos Materiais ou Engenharia e interesse na condu\u00e7\u00e3o de pesquisa interdisciplinar em um ambiente internacional. Experi\u00eancia anterior em ci\u00eancia de vidros, f\u00edsica do estado s\u00f3lido ou qu\u00edmica \u00e9 vantajosa.<\/p>\n<p>Os interessados devem enviar curriculum vitae, lista de publica\u00e7\u00f5es, uma proposta de pesquisa de duas p\u00e1ginas e os nomes e endere\u00e7os de e-mail de duas refer\u00eancias at\u00e9 5 de maio de 2016, ao professor Zanotto (dedz@ufscar.br) e a Laurie Leal (laurie_leal@yahoo.com.br).<\/p>\n<p>Mais informa\u00e7\u00f5es sobre a vaga: .<\/p>\n<p>A vaga est\u00e1 aberta a brasileiros e estrangeiros. O selecionado receber\u00e1 Bolsa de P\u00f3s-Doutorado da FAPESP no valor de R$ 6.819,30 mensais e Reserva T\u00e9cnica. A Reserva T\u00e9cnica de Bolsa de PD equivale a 15% do valor anual da bolsa e tem o objetivo de atender a despesas imprevistas e diretamente relacionadas \u00e0 atividade de pesquisa.<\/p>\n<p>Caso o bolsista de PD resida em domic\u00edlio diferente e precise se mudar para a cidade onde se localiza a institui\u00e7\u00e3o sede da pesquisa, poder\u00e1 ter direito a um Aux\u00edlio-Instala\u00e7\u00e3o. Mais informa\u00e7\u00f5es sobre a Bolsa de P\u00f3s-Doutorado da FAPESP est\u00e3o dispon\u00edveis em .<\/p>\n<p>Outras vagas de Bolsas de P\u00f3s-Doutorado, em diversas \u00e1reas do conhecimento, est\u00e3o no site FAPESP-Oportunidades, em\u00a0.<\/p>\n","protected":false},"excerpt":{"rendered":"<p>Ag\u00eancia FAPESP \u2013 O Centro de Pesquisa, Tecnologia e Educa\u00e7\u00e3o em Materiais V\u00edtreos (, na sigla em ingl\u00eas) \u2013 um da FAPESP \u2013 est\u00e1 com vagas abertas para p\u00f3s-doutoramento. As oportunidades, com Bolsas da FAPESP, est\u00e3o dispon\u00edveis para a realiza\u00e7\u00e3o de investiga\u00e7\u00e3o fundamental e aplicada em S\u00e3o Carlos. O per\u00edodo da bolsa \u00e9 de dois [&hellip;]<\/p>\n","protected":false},"author":2,"featured_media":28951,"comment_status":"open","ping_status":"closed","sticky":false,"template":"","format":"standard","meta":{"_genesis_hide_title":false,"_genesis_hide_breadcrumbs":false,"_genesis_hide_singular_image":false,"_genesis_hide_footer_widgets":false,"_genesis_custom_body_class":"","_genesis_custom_post_class":"","_genesis_layout":"","_jetpack_memberships_contains_paid_content":false,"footnotes":""},"categories":[22,370,353],"tags":[],"class_list":{"0":"post-85488","1":"post","2":"type-post","3":"status-publish","4":"format-standard","5":"has-post-thumbnail","7":"category-brasil","8":"category-inscricao","9":"category-oportunidades","10":"entry","11":"gs-1","12":"gs-odd","13":"gs-even","14":"gs-featured-content-entry"},"jetpack_featured_media_url":"https:\/\/www.redenoticia.com.br\/noticia\/imagens\/concurso-inscricao-vagas-ate.jpg","jetpack_sharing_enabled":true,"jetpack_likes_enabled":true,"_links":{"self":[{"href":"https:\/\/www.redenoticia.com.br\/noticia\/wp-json\/wp\/v2\/posts\/85488","targetHints":{"allow":["GET"]}}],"collection":[{"href":"https:\/\/www.redenoticia.com.br\/noticia\/wp-json\/wp\/v2\/posts"}],"about":[{"href":"https:\/\/www.redenoticia.com.br\/noticia\/wp-json\/wp\/v2\/types\/post"}],"author":[{"embeddable":true,"href":"https:\/\/www.redenoticia.com.br\/noticia\/wp-json\/wp\/v2\/users\/2"}],"replies":[{"embeddable":true,"href":"https:\/\/www.redenoticia.com.br\/noticia\/wp-json\/wp\/v2\/comments?post=85488"}],"version-history":[{"count":0,"href":"https:\/\/www.redenoticia.com.br\/noticia\/wp-json\/wp\/v2\/posts\/85488\/revisions"}],"wp:featuredmedia":[{"embeddable":true,"href":"https:\/\/www.redenoticia.com.br\/noticia\/wp-json\/wp\/v2\/media\/28951"}],"wp:attachment":[{"href":"https:\/\/www.redenoticia.com.br\/noticia\/wp-json\/wp\/v2\/media?parent=85488"}],"wp:term":[{"taxonomy":"category","embeddable":true,"href":"https:\/\/www.redenoticia.com.br\/noticia\/wp-json\/wp\/v2\/categories?post=85488"},{"taxonomy":"post_tag","embeddable":true,"href":"https:\/\/www.redenoticia.com.br\/noticia\/wp-json\/wp\/v2\/tags?post=85488"}],"curies":[{"name":"wp","href":"https:\/\/api.w.org\/{rel}","templated":true}]}}