{"id":85448,"date":"2016-05-02T15:41:39","date_gmt":"2016-05-02T18:41:39","guid":{"rendered":"http:\/\/www.redenoticia.com.br\/noticia\/?p=85448"},"modified":"2016-05-02T15:41:39","modified_gmt":"2016-05-02T18:41:39","slug":"novela-abismo-da-paixao-resumo-0305-henrique-espalha-boatos-contra-elisa","status":"publish","type":"post","link":"https:\/\/www.redenoticia.com.br\/noticia\/2016\/novela-abismo-da-paixao-resumo-0305-henrique-espalha-boatos-contra-elisa\/85448","title":{"rendered":"Novela \u201cAbismo da Paix\u00e3o\u201d resumo 03\/05: Henrique espalha boatos contra Elisa"},"content":{"rendered":"<p> <img loading=\"lazy\" decoding=\"async\" class=\"alignleft size-thumbnail wp-image-81978\" src=\"https:\/\/www.redenoticia.com.br\/noticia\/imagens\/abismo_de_paixao_sbt_resumo_novela-150x112.jpg\" alt=\"abismo_de_paixao_sbt_resumo_novela\" width=\"150\" height=\"112\" srcset=\"https:\/\/www.redenoticia.com.br\/noticia\/imagens\/abismo_de_paixao_sbt_resumo_novela-150x112.jpg 150w, https:\/\/www.redenoticia.com.br\/noticia\/imagens\/abismo_de_paixao_sbt_resumo_novela-265x198.jpg 265w\" sizes=\"auto, (max-width: 150px) 100vw, 150px\" \/><strong><em>Novela \u201cAbismo da Paix\u00e3o\u201d resumo 03\/05<\/em><\/strong>: j\u00e1 n\u00e3o bastasse ter que se defender de Ramiro, agora Elisa tem Henrique para denegrir sua imagem. Dami\u00e3o ouve Henrique dizer que Elisa estava paquerando Ramiro e ele se enfurece. Henrique espalha os boatos de que Elisa j\u00e1 esteve com a maior parte dos homens do povoado. Dami\u00e3o n\u00e3o aguenta e o sacode. Ele pergunta se ela tamb\u00e9m se meteu com ele. Flor\u00eancia interrompe a discuss\u00e3o e diz a Dami\u00e3o que ele fica como louco quando ouve falar de Elisa. Dami\u00e3o diz a Flor\u00eancia que o chateia que digam tantas mentiras de Elisa, porque ele a conhece muito bem e sabe que ela n\u00e3o \u00e9 assim como dizem.<\/p>\n<p>No cap\u00edtulo 027 (*), novela \u201cAbismo da Paix\u00e3o\u201d, ter\u00e7a-feira, 03 de maio \u2013 Edmundo diz a Carmen que n\u00e3o faltar\u00e1 com sua \u00e9tica profissional, nem por ela, nem por ningu\u00e9m. Ele afirma que se ela n\u00e3o quer enfrentar Augusto \u00e9 porque n\u00e3o o ama como diz amar. Carmen responde que Edmundo acaba de perd\u00ea-la. Br\u00e1ulio diz a Dami\u00e3o que Ramiro convenceu Almerinda a despedir Lucio, pois do contr\u00e1rio o senhor continuaria trabalhando. Dami\u00e3o visita Lucio para propor que ele volte ao trabalho na processadora. Lucio responde Dami\u00e3o n\u00e3o tem esse direito, pois apesar de ser o dono, n\u00e3o est\u00e1 a par da situa\u00e7\u00e3o dos trabalhadores. Carmen procura Ramiro para que ele a ajude a se desfazer das amostras de sangue de Elisa e Augusto. <\/p>\n<p>Ramiro tenta tomar Carmen a for\u00e7a e a diz que se precisa mesmo de sua ajuda, ele cobrar\u00e1 o favor adiantado. Carmen o esbofeteia e o diz n\u00e3o precisar dele para nada. Elisa escuta quando Dami\u00e3o diz a Lucio que vai embora porque Almerinda sempre o est\u00e1 determinando o que fazer, e isso o incomoda. Paulo procura Elisa e diz tudo que sente por ela, Elisa o responde que ele est\u00e1 perdendo seu tempo com ela. Dami\u00e3o diz a Almerinda que n\u00e3o entende porque ela confia tanto em Ramiro Mendon\u00e7a, que \u00e9 uma pessoa que n\u00e3o tem respeito nenhum pelos trabalhadores. Almerinda o responde que ele n\u00e3o tem nenhum direito de julgar Ramiro, e que gra\u00e7as \u00e1 ele a processadora segue funcionando desde a morte de Rog\u00e9rio. <\/p>\n<p>Dami\u00e3o se enfurece quando Henrique diz que Elisa estava paquerando Ramiro. Henrique segue espalhando os boatos de que Elisa j\u00e1 esteve com a maior parte dos homens do povoado. Dami\u00e3o o sacode e pergunta se ela tamb\u00e9m se meteu com ele. Flor\u00eancia interrompe a discuss\u00e3o e diz a Dami\u00e3o que ele fica como louco quando ouve falar de Elisa. Dami\u00e3o diz a Flor\u00eancia que o chateia que digam tantas mentiras de Elisa, porque ele a conhece muito bem e sabe que ela n\u00e3o \u00e9 assim como dizem. Carmen tenta subornar uma enfermeira para que entregue exames falsos de DNA a Augusto. No entanto, ela responde que se Carmen n\u00e3o se retirar ir\u00e1 chamar o seguran\u00e7a. Almerinda tenta fazer um trato com Elisa sem o conhecimento de Augusto, mas ela responde que se seu pai n\u00e3o est\u00e1 de acordo, n\u00e3o h\u00e1 trato.<\/p>\n<p>(*) edi\u00e7\u00e3o do SBT, Novela \u201cAbismo da Paix\u00e3o\u201d, sujeito a altera\u00e7\u00e3o de data e conte\u00fado.<\/p>\n","protected":false},"excerpt":{"rendered":"<p>Novela \u201cAbismo da Paix\u00e3o\u201d resumo 03\/05: j\u00e1 n\u00e3o bastasse ter que se defender de Ramiro, agora Elisa tem Henrique para denegrir sua imagem. Dami\u00e3o ouve Henrique dizer que Elisa estava paquerando Ramiro e ele se enfurece. Henrique espalha os boatos de que Elisa j\u00e1 esteve com a maior parte dos homens do povoado. Dami\u00e3o n\u00e3o [&hellip;]<\/p>\n","protected":false},"author":2,"featured_media":81978,"comment_status":"open","ping_status":"closed","sticky":false,"template":"","format":"standard","meta":{"_genesis_hide_title":false,"_genesis_hide_breadcrumbs":false,"_genesis_hide_singular_image":false,"_genesis_hide_footer_widgets":false,"_genesis_custom_body_class":"","_genesis_custom_post_class":"","_genesis_layout":"","_jetpack_memberships_contains_paid_content":false,"footnotes":""},"categories":[379,372,343],"tags":[441],"class_list":{"0":"post-85448","1":"post","2":"type-post","3":"status-publish","4":"format-standard","5":"has-post-thumbnail","7":"category-novelas","8":"category-sbt","9":"category-televisao","10":"tag-resumo-do-dia","11":"entry","12":"gs-1","13":"gs-odd","14":"gs-even","15":"gs-featured-content-entry"},"jetpack_featured_media_url":"https:\/\/www.redenoticia.com.br\/noticia\/imagens\/abismo_de_paixao_sbt_resumo_novela.jpg","jetpack_sharing_enabled":true,"jetpack_likes_enabled":true,"_links":{"self":[{"href":"https:\/\/www.redenoticia.com.br\/noticia\/wp-json\/wp\/v2\/posts\/85448","targetHints":{"allow":["GET"]}}],"collection":[{"href":"https:\/\/www.redenoticia.com.br\/noticia\/wp-json\/wp\/v2\/posts"}],"about":[{"href":"https:\/\/www.redenoticia.com.br\/noticia\/wp-json\/wp\/v2\/types\/post"}],"author":[{"embeddable":true,"href":"https:\/\/www.redenoticia.com.br\/noticia\/wp-json\/wp\/v2\/users\/2"}],"replies":[{"embeddable":true,"href":"https:\/\/www.redenoticia.com.br\/noticia\/wp-json\/wp\/v2\/comments?post=85448"}],"version-history":[{"count":0,"href":"https:\/\/www.redenoticia.com.br\/noticia\/wp-json\/wp\/v2\/posts\/85448\/revisions"}],"wp:featuredmedia":[{"embeddable":true,"href":"https:\/\/www.redenoticia.com.br\/noticia\/wp-json\/wp\/v2\/media\/81978"}],"wp:attachment":[{"href":"https:\/\/www.redenoticia.com.br\/noticia\/wp-json\/wp\/v2\/media?parent=85448"}],"wp:term":[{"taxonomy":"category","embeddable":true,"href":"https:\/\/www.redenoticia.com.br\/noticia\/wp-json\/wp\/v2\/categories?post=85448"},{"taxonomy":"post_tag","embeddable":true,"href":"https:\/\/www.redenoticia.com.br\/noticia\/wp-json\/wp\/v2\/tags?post=85448"}],"curies":[{"name":"wp","href":"https:\/\/api.w.org\/{rel}","templated":true}]}}