{"id":85384,"date":"2016-05-02T10:49:21","date_gmt":"2016-05-02T13:49:21","guid":{"rendered":"http:\/\/www.redenoticia.com.br\/noticia\/?p=85384"},"modified":"2016-04-29T19:00:29","modified_gmt":"2016-04-29T22:00:29","slug":"contas-publicas-tem-deficit-de-r-106-bi-o-pior-resultado-para-marco","status":"publish","type":"post","link":"https:\/\/www.redenoticia.com.br\/noticia\/2016\/contas-publicas-tem-deficit-de-r-106-bi-o-pior-resultado-para-marco\/85384","title":{"rendered":"Contas p\u00fablicas t\u00eam d\u00e9ficit de R$ 10,6 bi, o pior resultado para mar\u00e7o"},"content":{"rendered":"<p> O setor p\u00fablico consolidado, formado pela Uni\u00e3o, estados e munic\u00edpios, voltou a apresentar &#8211; em mar\u00e7o &#8211; <strong><em>saldo negativo nas contas p\u00fablicas<\/em><\/strong>, segundo dados do Banco Central (BC). O d\u00e9ficit prim\u00e1rio, receitas menos despesas, sem considerar os gastos com juros, ficou em R$ 10,644 bilh\u00f5es, o pior resultado para meses de mar\u00e7o na s\u00e9rie hist\u00f3rica iniciada em dezembro de 2001. Em fevereiro deste ano, houve d\u00e9ficit prim\u00e1rio de R$ 23,040 bilh\u00f5es.<\/p>\n<p>Em 12 meses encerrados em mar\u00e7o, o d\u00e9ficit prim\u00e1rio ficou em R$ 136,022 bilh\u00f5es, o que corresponde a 2,28% do Produto Interno Bruto (PIB), a soma de todos os bens e servi\u00e7os produzidos no pa\u00eds.<\/p>\n<p>Em mar\u00e7o deste ano, o Governo Central (Previd\u00eancia, Banco Central e Tesouro Nacional) acusou d\u00e9ficit prim\u00e1rio de R$ 8,944 bilh\u00f5es. Os governos estaduais registraram super\u00e1vit prim\u00e1rio de R$ 147 milh\u00f5es, e os municipais, d\u00e9ficit de R$ 1,040 bilh\u00e3o. As empresas estatais federais, estaduais e municipais, exclu\u00eddas as dos grupos Petrobras e Eletrobras, tiveram d\u00e9ficit prim\u00e1rio de R$ 806 milh\u00f5es no m\u00eas passado.<\/p>\n<p>Em mar\u00e7o \u00faltimo, o governo enviou ao Congresso Nacional projeto para alterar a Lei de Diretrizes Or\u00e7ament\u00e1rias (LDO) e permitir que a Uni\u00e3o possa fechar o ano com d\u00e9ficit prim\u00e1rio de R$ 96,65 bilh\u00f5es.<\/p>\n<p>Receita<\/p>\n<p>Em mar\u00e7o, o resultado de juros nominais apresentou receita l\u00edquida de R$ 648 milh\u00f5es, contra a despesa de R$ 69,489 bilh\u00f5es do mesmo m\u00eas de 2015. O resultado positivo na conta de juros \u00e9 in\u00e9dito na s\u00e9rie hist\u00f3rica do BC.<\/p>\n<p>O d\u00e9ficit nominal, formado pelo resultado prim\u00e1rio e os resultados de juros, chegou a R$ 9,995 bilh\u00f5es no m\u00eas passado, ante R$ 69,249 bilh\u00f5es de mar\u00e7o de 2015. Em 12 meses encerrados em mar\u00e7o, o d\u00e9ficit nominal ficou em R$ 579,318 bilh\u00f5es, o que corresponde a 9,73% do PIB.<\/p>\n<p>A d\u00edvida l\u00edquida do setor p\u00fablico (balan\u00e7o entre o total de cr\u00e9ditos e d\u00e9bitos dos governos federal, estaduais e municipais) chegou a R$ 2,314 trilh\u00f5es em mar\u00e7o, o que corresponde a 38,9% do PIB, com eleva\u00e7\u00e3o de 2,1 pontos percentuais em rela\u00e7\u00e3o a fevereiro.<\/p>\n<p>A d\u00edvida bruta (contabiliza apenas os passivos dos governos federal, estaduais e municipais) chegou a R$ 4,005 trilh\u00f5es ou 67,3% do PIB, com redu\u00e7\u00e3o de 0,4 ponto percentual em rela\u00e7\u00e3o ao m\u00eas anterior.<\/p>\n<p>Kelly Oliveira &#8211; Rep\u00f3rter da Ag\u00eancia Brasil<br \/>\nEdi\u00e7\u00e3o: Kleber Sampaio<br \/>\n02\/05\/2016<\/p>\n","protected":false},"excerpt":{"rendered":"<p>O setor p\u00fablico consolidado, formado pela Uni\u00e3o, estados e munic\u00edpios, voltou a apresentar &#8211; em mar\u00e7o &#8211; saldo negativo nas contas p\u00fablicas, segundo dados do Banco Central (BC). O d\u00e9ficit prim\u00e1rio, receitas menos despesas, sem considerar os gastos com juros, ficou em R$ 10,644 bilh\u00f5es, o pior resultado para meses de mar\u00e7o na s\u00e9rie hist\u00f3rica [&hellip;]<\/p>\n","protected":false},"author":2,"featured_media":57583,"comment_status":"open","ping_status":"closed","sticky":false,"template":"","format":"standard","meta":{"_genesis_hide_title":false,"_genesis_hide_breadcrumbs":false,"_genesis_hide_singular_image":false,"_genesis_hide_footer_widgets":false,"_genesis_custom_body_class":"","_genesis_custom_post_class":"","_genesis_layout":"","_jetpack_memberships_contains_paid_content":false,"footnotes":""},"categories":[22,7],"tags":[],"class_list":{"0":"post-85384","1":"post","2":"type-post","3":"status-publish","4":"format-standard","5":"has-post-thumbnail","7":"category-brasil","8":"category-economia","9":"entry","10":"gs-1","11":"gs-odd","12":"gs-even","13":"gs-featured-content-entry"},"jetpack_featured_media_url":"https:\/\/www.redenoticia.com.br\/noticia\/imagens\/economia-grafico.jpg","jetpack_sharing_enabled":true,"jetpack_likes_enabled":true,"_links":{"self":[{"href":"https:\/\/www.redenoticia.com.br\/noticia\/wp-json\/wp\/v2\/posts\/85384","targetHints":{"allow":["GET"]}}],"collection":[{"href":"https:\/\/www.redenoticia.com.br\/noticia\/wp-json\/wp\/v2\/posts"}],"about":[{"href":"https:\/\/www.redenoticia.com.br\/noticia\/wp-json\/wp\/v2\/types\/post"}],"author":[{"embeddable":true,"href":"https:\/\/www.redenoticia.com.br\/noticia\/wp-json\/wp\/v2\/users\/2"}],"replies":[{"embeddable":true,"href":"https:\/\/www.redenoticia.com.br\/noticia\/wp-json\/wp\/v2\/comments?post=85384"}],"version-history":[{"count":0,"href":"https:\/\/www.redenoticia.com.br\/noticia\/wp-json\/wp\/v2\/posts\/85384\/revisions"}],"wp:featuredmedia":[{"embeddable":true,"href":"https:\/\/www.redenoticia.com.br\/noticia\/wp-json\/wp\/v2\/media\/57583"}],"wp:attachment":[{"href":"https:\/\/www.redenoticia.com.br\/noticia\/wp-json\/wp\/v2\/media?parent=85384"}],"wp:term":[{"taxonomy":"category","embeddable":true,"href":"https:\/\/www.redenoticia.com.br\/noticia\/wp-json\/wp\/v2\/categories?post=85384"},{"taxonomy":"post_tag","embeddable":true,"href":"https:\/\/www.redenoticia.com.br\/noticia\/wp-json\/wp\/v2\/tags?post=85384"}],"curies":[{"name":"wp","href":"https:\/\/api.w.org\/{rel}","templated":true}]}}