{"id":85378,"date":"2016-05-02T10:43:24","date_gmt":"2016-05-02T13:43:24","guid":{"rendered":"http:\/\/www.redenoticia.com.br\/noticia\/?p=85378"},"modified":"2016-04-29T18:55:14","modified_gmt":"2016-04-29T21:55:14","slug":"industria-diz-que-consumidores-estavam-pessimistas-em-abril","status":"publish","type":"post","link":"https:\/\/www.redenoticia.com.br\/noticia\/2016\/industria-diz-que-consumidores-estavam-pessimistas-em-abril\/85378","title":{"rendered":"Ind\u00fastria diz que consumidores estavam pessimistas em abril"},"content":{"rendered":"<p> O <strong><em>\u00cdndice Nacional de Expectativa do Consumidor<\/em><\/strong>, que sintetiza a percep\u00e7\u00e3o dos brasileiros em rela\u00e7\u00e3o \u00e0s expectativas econ\u00f4micas, ficou praticamente est\u00e1vel em abril ao registrar 97,5 pontos, queda de 0,1% ante mar\u00e7o, informou a Confedera\u00e7\u00e3o Nacional da Ind\u00fastria (CNI).<\/p>\n<p>Quanto menor o \u00edndice, mais pessimista \u00e9 a avalia\u00e7\u00e3o dos consumidores. O indicador sinaliza manuten\u00e7\u00e3o do pessimismo, uma vez que est\u00e1 11% abaixo da m\u00e9dia hist\u00f3rica de 109,3 pontos.<\/p>\n<p>Segundo a confedera\u00e7\u00e3o, os brasileiros est\u00e3o especialmente preocupados com as d\u00edvidas. O \u00edndice de endividamento caiu 5,3% em abril ante mar\u00e7o e ficou no menor n\u00edvel da s\u00e9rie hist\u00f3rica, iniciada em 2001. Quanto menor \u00e9 o indicador, maior o percentual dos consumidores que afirmam que as d\u00edvidas aumentaram.<\/p>\n<p>O aumento das d\u00edvidas deixa os brasileiros mais pessimistas e menos propensos a comprar bens de maior valor. O \u00edndice de situa\u00e7\u00e3o financeira teve queda de 0,4% em abril em rela\u00e7\u00e3o a mar\u00e7o, sinalizando maior insatisfa\u00e7\u00e3o com as finan\u00e7as em rela\u00e7\u00e3o aos \u00faltimos tr\u00eas meses.<\/p>\n<p>Na compara\u00e7\u00e3o com abril de 2015, o indicador est\u00e1 11,5% inferior. A possibilidade de compras de bens de maior valor recuou 2,3% de abril a mar\u00e7o, o que sinaliza menor propens\u00e3o dos consumidores de comprarem nos pr\u00f3ximos seis meses bens como eletrodom\u00e9sticos e carros.<\/p>\n<p>De acordo com a CNI, dos seis componentes do \u00edndice de expectativa do consumidor, tr\u00eas apresentaram alta na compara\u00e7\u00e3o com mar\u00e7o: a previs\u00e3o de infla\u00e7\u00e3o, o desemprego e a renda pessoal, ou seja, mostram maior otimismo do consumidor com a evolu\u00e7\u00e3o futura dos pre\u00e7os, do emprego e da renda.<\/p>\n<p>Apesar da melhora desses indicadores, a maior parte dos consumidores espera aumento dos pre\u00e7os e do desemprego. O \u00edndice de infla\u00e7\u00e3o cresceu 4,1% e o de desemprego teve alta de 5% em abril na compara\u00e7\u00e3o com mar\u00e7o. O indicador de expectativas sobre a renda pessoal aumentou 1,6% no per\u00edodo.<\/p>\n<p>A pesquisa da confedera\u00e7\u00e3o da ind\u00fastria foi feita em parceria com o Instituto Brasileiro de Opini\u00e3o P\u00fablica e Estat\u00edstica (Ibope). Para o levantamento deste m\u00eas, foram ouvidas 2.002 pessoas em 142 munic\u00edpios, entre os dias 14 e 18 de abril.<\/p>\n<p>Da Ag\u00eancia Brasil<br \/>\nEdi\u00e7\u00e3o: Beto Coura<br \/>\n02\/05\/2016<\/p>\n","protected":false},"excerpt":{"rendered":"<p>O \u00cdndice Nacional de Expectativa do Consumidor, que sintetiza a percep\u00e7\u00e3o dos brasileiros em rela\u00e7\u00e3o \u00e0s expectativas econ\u00f4micas, ficou praticamente est\u00e1vel em abril ao registrar 97,5 pontos, queda de 0,1% ante mar\u00e7o, informou a Confedera\u00e7\u00e3o Nacional da Ind\u00fastria (CNI). Quanto menor o \u00edndice, mais pessimista \u00e9 a avalia\u00e7\u00e3o dos consumidores. O indicador sinaliza manuten\u00e7\u00e3o do [&hellip;]<\/p>\n","protected":false},"author":2,"featured_media":38938,"comment_status":"open","ping_status":"closed","sticky":false,"template":"","format":"standard","meta":{"_genesis_hide_title":false,"_genesis_hide_breadcrumbs":false,"_genesis_hide_singular_image":false,"_genesis_hide_footer_widgets":false,"_genesis_custom_body_class":"","_genesis_custom_post_class":"","_genesis_layout":"","_jetpack_memberships_contains_paid_content":false,"footnotes":""},"categories":[22,7],"tags":[],"class_list":{"0":"post-85378","1":"post","2":"type-post","3":"status-publish","4":"format-standard","5":"has-post-thumbnail","7":"category-brasil","8":"category-economia","9":"entry","10":"gs-1","11":"gs-odd","12":"gs-even","13":"gs-featured-content-entry"},"jetpack_featured_media_url":"https:\/\/www.redenoticia.com.br\/noticia\/imagens\/economia1.jpg","jetpack_sharing_enabled":true,"jetpack_likes_enabled":true,"_links":{"self":[{"href":"https:\/\/www.redenoticia.com.br\/noticia\/wp-json\/wp\/v2\/posts\/85378","targetHints":{"allow":["GET"]}}],"collection":[{"href":"https:\/\/www.redenoticia.com.br\/noticia\/wp-json\/wp\/v2\/posts"}],"about":[{"href":"https:\/\/www.redenoticia.com.br\/noticia\/wp-json\/wp\/v2\/types\/post"}],"author":[{"embeddable":true,"href":"https:\/\/www.redenoticia.com.br\/noticia\/wp-json\/wp\/v2\/users\/2"}],"replies":[{"embeddable":true,"href":"https:\/\/www.redenoticia.com.br\/noticia\/wp-json\/wp\/v2\/comments?post=85378"}],"version-history":[{"count":0,"href":"https:\/\/www.redenoticia.com.br\/noticia\/wp-json\/wp\/v2\/posts\/85378\/revisions"}],"wp:featuredmedia":[{"embeddable":true,"href":"https:\/\/www.redenoticia.com.br\/noticia\/wp-json\/wp\/v2\/media\/38938"}],"wp:attachment":[{"href":"https:\/\/www.redenoticia.com.br\/noticia\/wp-json\/wp\/v2\/media?parent=85378"}],"wp:term":[{"taxonomy":"category","embeddable":true,"href":"https:\/\/www.redenoticia.com.br\/noticia\/wp-json\/wp\/v2\/categories?post=85378"},{"taxonomy":"post_tag","embeddable":true,"href":"https:\/\/www.redenoticia.com.br\/noticia\/wp-json\/wp\/v2\/tags?post=85378"}],"curies":[{"name":"wp","href":"https:\/\/api.w.org\/{rel}","templated":true}]}}