{"id":85226,"date":"2016-04-28T10:24:56","date_gmt":"2016-04-28T13:24:56","guid":{"rendered":"http:\/\/www.redenoticia.com.br\/noticia\/?p=85226"},"modified":"2016-04-27T19:26:02","modified_gmt":"2016-04-27T22:26:02","slug":"taxa-de-desemprego-sobe-para-159-em-sao-paulo","status":"publish","type":"post","link":"https:\/\/www.redenoticia.com.br\/noticia\/2016\/taxa-de-desemprego-sobe-para-159-em-sao-paulo\/85226","title":{"rendered":"Taxa de desemprego sobe para 15,9% em S\u00e3o Paulo"},"content":{"rendered":"<p> A <strong><em>taxa de desemprego<\/em><\/strong> na Regi\u00e3o Metropolitana de S\u00e3o Paulo aumentou de 14,7% em fevereiro para 15,9% em mar\u00e7o. Os dados foram divulgados pela Pesquisa de Emprego e Desemprego, realizada pela Funda\u00e7\u00e3o Sistema Estadual de An\u00e1lise de Dados (Seade) e pelo Departamento Intersindical de Estat\u00edstica e Estudos Socioecon\u00f4micos &#8211; Dieese.<\/p>\n<p>O contingente de desempregados em mar\u00e7o foi estimado em 1.750.000 pessoas, 133 mil a mais do que em fevereiro. O crescimento ocorre pela elimina\u00e7\u00e3o de 127 mil postos de trabalho, ou -1,4% do total. A Popula\u00e7\u00e3o Economicamente Ativa (PEA) manteve estabilidade com 6 mil pessoas ingressando no mercado de trabalho da regi\u00e3o, ou 0,1%.<\/p>\n<p>O n\u00edvel de ocupa\u00e7\u00e3o caiu em 1,4% e o total de ocupados foi estimado em 9.257.000 pessoas. Houve queda de 4% na ind\u00fastria de transforma\u00e7\u00e3o e elimina\u00e7\u00e3o de 56 mil postos de trabalho. No setor de servi\u00e7os, a retra\u00e7\u00e3o foi de 1% (ou -57 mil postos) e na constru\u00e7\u00e3o a queda foi de 2,7% (ou -18 mil postos. Em menor propor\u00e7\u00e3o, no com\u00e9rcio e repara\u00e7\u00e3o de ve\u00edculos automotores e motocicletas a redu\u00e7\u00e3o foi de 0,8% (ou -14 mil postos).<\/p>\n<p>O rendimento m\u00e9dio real de ocupados caiu 2,2% e o dos assalariados reduziu 1,5% em fevereiro na compara\u00e7\u00e3o com janeiro, passando a valer a R$ 1.984 e R$ 2.040, respectivamente.<\/p>\n<p>Fernanda Cruz \u2013 Rep\u00f3rter da Ag\u00eancia Brasil<br \/>\nEdi\u00e7\u00e3o: Kleber Sampaio<br \/>\n28\/04\/2016<\/p>\n","protected":false},"excerpt":{"rendered":"<p>A taxa de desemprego na Regi\u00e3o Metropolitana de S\u00e3o Paulo aumentou de 14,7% em fevereiro para 15,9% em mar\u00e7o. Os dados foram divulgados pela Pesquisa de Emprego e Desemprego, realizada pela Funda\u00e7\u00e3o Sistema Estadual de An\u00e1lise de Dados (Seade) e pelo Departamento Intersindical de Estat\u00edstica e Estudos Socioecon\u00f4micos &#8211; Dieese. O contingente de desempregados em [&hellip;]<\/p>\n","protected":false},"author":2,"featured_media":57584,"comment_status":"open","ping_status":"closed","sticky":false,"template":"","format":"standard","meta":{"_genesis_hide_title":false,"_genesis_hide_breadcrumbs":false,"_genesis_hide_singular_image":false,"_genesis_hide_footer_widgets":false,"_genesis_custom_body_class":"","_genesis_custom_post_class":"","_genesis_layout":"","_jetpack_memberships_contains_paid_content":false,"footnotes":""},"categories":[22,7],"tags":[],"class_list":{"0":"post-85226","1":"post","2":"type-post","3":"status-publish","4":"format-standard","5":"has-post-thumbnail","7":"category-brasil","8":"category-economia","9":"entry","10":"gs-1","11":"gs-odd","12":"gs-even","13":"gs-featured-content-entry"},"jetpack_featured_media_url":"https:\/\/www.redenoticia.com.br\/noticia\/imagens\/economia-grafica-analise-inflacao.jpg","jetpack_sharing_enabled":true,"jetpack_likes_enabled":true,"_links":{"self":[{"href":"https:\/\/www.redenoticia.com.br\/noticia\/wp-json\/wp\/v2\/posts\/85226","targetHints":{"allow":["GET"]}}],"collection":[{"href":"https:\/\/www.redenoticia.com.br\/noticia\/wp-json\/wp\/v2\/posts"}],"about":[{"href":"https:\/\/www.redenoticia.com.br\/noticia\/wp-json\/wp\/v2\/types\/post"}],"author":[{"embeddable":true,"href":"https:\/\/www.redenoticia.com.br\/noticia\/wp-json\/wp\/v2\/users\/2"}],"replies":[{"embeddable":true,"href":"https:\/\/www.redenoticia.com.br\/noticia\/wp-json\/wp\/v2\/comments?post=85226"}],"version-history":[{"count":0,"href":"https:\/\/www.redenoticia.com.br\/noticia\/wp-json\/wp\/v2\/posts\/85226\/revisions"}],"wp:featuredmedia":[{"embeddable":true,"href":"https:\/\/www.redenoticia.com.br\/noticia\/wp-json\/wp\/v2\/media\/57584"}],"wp:attachment":[{"href":"https:\/\/www.redenoticia.com.br\/noticia\/wp-json\/wp\/v2\/media?parent=85226"}],"wp:term":[{"taxonomy":"category","embeddable":true,"href":"https:\/\/www.redenoticia.com.br\/noticia\/wp-json\/wp\/v2\/categories?post=85226"},{"taxonomy":"post_tag","embeddable":true,"href":"https:\/\/www.redenoticia.com.br\/noticia\/wp-json\/wp\/v2\/tags?post=85226"}],"curies":[{"name":"wp","href":"https:\/\/api.w.org\/{rel}","templated":true}]}}