{"id":85224,"date":"2016-04-28T10:23:35","date_gmt":"2016-04-28T13:23:35","guid":{"rendered":"http:\/\/www.redenoticia.com.br\/noticia\/?p=85224"},"modified":"2016-04-27T19:24:36","modified_gmt":"2016-04-27T22:24:36","slug":"numero-de-empresas-inadimplentes-cresceu-1108-diz-spc","status":"publish","type":"post","link":"https:\/\/www.redenoticia.com.br\/noticia\/2016\/numero-de-empresas-inadimplentes-cresceu-1108-diz-spc\/85224","title":{"rendered":"N\u00famero de empresas inadimplentes cresceu 11,08%, diz SPC"},"content":{"rendered":"<p> Aumentou o n\u00famero de <strong><em>empresas com contas em atraso<\/em><\/strong> no Brasil nos \u00faltimos 12 meses. A constata\u00e7\u00e3o \u00e9 de pesquisa divulgada pelo Servi\u00e7o de Prote\u00e7\u00e3o ao Cr\u00e9dito (SPC) e a Confedera\u00e7\u00e3o Nacional de Dirigentes Lojistas.<\/p>\n<p>O estudo abrangeu apenas as regi\u00f5es Sul, Nordeste, Centro-Oeste e Norte, pois na regi\u00e3o Sudeste o estado de S\u00e3o Paulo tem legisla\u00e7\u00e3o que inibe a negativa\u00e7\u00e3o das empresas.<\/p>\n<p>De acordo com a pesquisa, nessas quatro regi\u00f5es o n\u00famero de empresas que deixou de cumprir compromissos financeiros, na base de dados do SPC, aumentou 11,08%, em mar\u00e7o deste ano, comparado a mar\u00e7o de 2015.<\/p>\n<p>A regi\u00e3o onde houve maior crescimento na inadimpl\u00eancia de empresas foi a Nordeste, com avan\u00e7o de 16,64%, seguida pela Centro-Oeste, com 15,66% a mais, a Norte, 12,11%, e a Sul, 11,42%.<\/p>\n<p>O relato credita o aumento no endividamento das empresas ao cen\u00e1rio econ\u00f4mico desfavor\u00e1vel. \u201cDados do indicador mostram que o n\u00famero de empresas negativadas apresentou crescimento expressivo entre mar\u00e7o de 2016 e o mesmo m\u00eas do ano anterior\u201d, destacou a pesquisa.<\/p>\n<p>A economista-chefe do SPC Brasil, Marcela Kawauti, explica que a forma como essa taxa aumentou em apenas um ano demonstra o aprofundamento da recess\u00e3o que afetou a sa\u00fade financeira das empresas. \u201cO cen\u00e1rio foi piorado pelo recuo da atividade [econ\u00f4mica] com a alta dos pre\u00e7os e, por consequ\u00eancia, da taxa de juros\u201d, sustentou a economista.<\/p>\n<p>Vladimir Platonow &#8211; Rep\u00f3rter da Ag\u00eancia Brasil<br \/>\nEdi\u00e7\u00e3o: Beto Coura<br \/>\n28\/04\/2016<\/p>\n","protected":false},"excerpt":{"rendered":"<p>Aumentou o n\u00famero de empresas com contas em atraso no Brasil nos \u00faltimos 12 meses. A constata\u00e7\u00e3o \u00e9 de pesquisa divulgada pelo Servi\u00e7o de Prote\u00e7\u00e3o ao Cr\u00e9dito (SPC) e a Confedera\u00e7\u00e3o Nacional de Dirigentes Lojistas. O estudo abrangeu apenas as regi\u00f5es Sul, Nordeste, Centro-Oeste e Norte, pois na regi\u00e3o Sudeste o estado de S\u00e3o Paulo [&hellip;]<\/p>\n","protected":false},"author":2,"featured_media":38938,"comment_status":"open","ping_status":"closed","sticky":false,"template":"","format":"standard","meta":{"_genesis_hide_title":false,"_genesis_hide_breadcrumbs":false,"_genesis_hide_singular_image":false,"_genesis_hide_footer_widgets":false,"_genesis_custom_body_class":"","_genesis_custom_post_class":"","_genesis_layout":"","_jetpack_memberships_contains_paid_content":false,"footnotes":""},"categories":[22,7],"tags":[],"class_list":{"0":"post-85224","1":"post","2":"type-post","3":"status-publish","4":"format-standard","5":"has-post-thumbnail","7":"category-brasil","8":"category-economia","9":"entry","10":"gs-1","11":"gs-odd","12":"gs-even","13":"gs-featured-content-entry"},"jetpack_featured_media_url":"https:\/\/www.redenoticia.com.br\/noticia\/imagens\/economia1.jpg","jetpack_sharing_enabled":true,"jetpack_likes_enabled":true,"_links":{"self":[{"href":"https:\/\/www.redenoticia.com.br\/noticia\/wp-json\/wp\/v2\/posts\/85224","targetHints":{"allow":["GET"]}}],"collection":[{"href":"https:\/\/www.redenoticia.com.br\/noticia\/wp-json\/wp\/v2\/posts"}],"about":[{"href":"https:\/\/www.redenoticia.com.br\/noticia\/wp-json\/wp\/v2\/types\/post"}],"author":[{"embeddable":true,"href":"https:\/\/www.redenoticia.com.br\/noticia\/wp-json\/wp\/v2\/users\/2"}],"replies":[{"embeddable":true,"href":"https:\/\/www.redenoticia.com.br\/noticia\/wp-json\/wp\/v2\/comments?post=85224"}],"version-history":[{"count":0,"href":"https:\/\/www.redenoticia.com.br\/noticia\/wp-json\/wp\/v2\/posts\/85224\/revisions"}],"wp:featuredmedia":[{"embeddable":true,"href":"https:\/\/www.redenoticia.com.br\/noticia\/wp-json\/wp\/v2\/media\/38938"}],"wp:attachment":[{"href":"https:\/\/www.redenoticia.com.br\/noticia\/wp-json\/wp\/v2\/media?parent=85224"}],"wp:term":[{"taxonomy":"category","embeddable":true,"href":"https:\/\/www.redenoticia.com.br\/noticia\/wp-json\/wp\/v2\/categories?post=85224"},{"taxonomy":"post_tag","embeddable":true,"href":"https:\/\/www.redenoticia.com.br\/noticia\/wp-json\/wp\/v2\/tags?post=85224"}],"curies":[{"name":"wp","href":"https:\/\/api.w.org\/{rel}","templated":true}]}}