{"id":85222,"date":"2016-04-28T10:22:19","date_gmt":"2016-04-28T13:22:19","guid":{"rendered":"http:\/\/www.redenoticia.com.br\/noticia\/?p=85222"},"modified":"2016-04-27T19:23:31","modified_gmt":"2016-04-27T22:23:31","slug":"percentual-de-familias-endividadas-fica-em-596-em-abril-diz-cnc","status":"publish","type":"post","link":"https:\/\/www.redenoticia.com.br\/noticia\/2016\/percentual-de-familias-endividadas-fica-em-596-em-abril-diz-cnc\/85222","title":{"rendered":"Percentual de fam\u00edlias endividadas fica em 59,6% em abril, diz CNC"},"content":{"rendered":"<p> O percentual de <strong><em>fam\u00edlias endividadas<\/em><\/strong> no pa\u00eds caiu de 60,3% em mar\u00e7o para 59,6% em abril deste ano. Segundo os dados da Pesquisa Nacional de Endividamento e Inadimpl\u00eancia do Consumidor (Peic), divulgada pela Confedera\u00e7\u00e3o Nacional do Com\u00e9rcio de Bens, Servi\u00e7os e Turismo (CNC), o percentual \u00e9 tamb\u00e9m inferior ao observado em abril de 2015, que ficou em 61,6%.<\/p>\n<p>A propor\u00e7\u00e3o de fam\u00edlias inadimplentes, ou seja, com d\u00edvidas em atraso, caiu de 23,5% em mar\u00e7o para 23,2% em abril deste ano. No entanto, esse indicador ainda est\u00e1 em patamar superior ao observado em abril de 2015 (19,7%).<\/p>\n<p>O mesmo acontece com as fam\u00edlias que n\u00e3o ter\u00e3o condi\u00e7\u00f5es de pagar suas contas. O percentual recuou de mar\u00e7o (8,3%) para abril (8,2%), mas manteve-se acima do patamar de abril de 2015 (6,9%).<\/p>\n<p>O percentual de fam\u00edlias que se consideram muito endividadas subiu de 12% em abril de 2015 para 14,5% em abril de 2016. A maior parte das d\u00edvidas \u00e9 com cart\u00f5es de cr\u00e9dito (77,9%). Em seguida, aparecem os carn\u00eas (15,4%), financiamentos de carro (11,9%) e cr\u00e9ditos pessoais (10,5%). O tempo m\u00e9dio dos pagamentos em atraso fica em 61,8 dias.<\/p>\n<p>Vitor Abdala \u2013 Rep\u00f3rter da Ag\u00eancia Brasil<br \/>\nEdi\u00e7\u00e3o: Kleber Sampaio<br \/>\n28\/04\/2016<\/p>\n","protected":false},"excerpt":{"rendered":"<p>O percentual de fam\u00edlias endividadas no pa\u00eds caiu de 60,3% em mar\u00e7o para 59,6% em abril deste ano. Segundo os dados da Pesquisa Nacional de Endividamento e Inadimpl\u00eancia do Consumidor (Peic), divulgada pela Confedera\u00e7\u00e3o Nacional do Com\u00e9rcio de Bens, Servi\u00e7os e Turismo (CNC), o percentual \u00e9 tamb\u00e9m inferior ao observado em abril de 2015, que [&hellip;]<\/p>\n","protected":false},"author":2,"featured_media":57585,"comment_status":"open","ping_status":"closed","sticky":false,"template":"","format":"standard","meta":{"_genesis_hide_title":false,"_genesis_hide_breadcrumbs":false,"_genesis_hide_singular_image":false,"_genesis_hide_footer_widgets":false,"_genesis_custom_body_class":"","_genesis_custom_post_class":"","_genesis_layout":"","_jetpack_memberships_contains_paid_content":false,"footnotes":""},"categories":[22,7],"tags":[],"class_list":{"0":"post-85222","1":"post","2":"type-post","3":"status-publish","4":"format-standard","5":"has-post-thumbnail","7":"category-brasil","8":"category-economia","9":"entry","10":"gs-1","11":"gs-odd","12":"gs-even","13":"gs-featured-content-entry"},"jetpack_featured_media_url":"https:\/\/www.redenoticia.com.br\/noticia\/imagens\/analise-economia.jpg","jetpack_sharing_enabled":true,"jetpack_likes_enabled":true,"_links":{"self":[{"href":"https:\/\/www.redenoticia.com.br\/noticia\/wp-json\/wp\/v2\/posts\/85222","targetHints":{"allow":["GET"]}}],"collection":[{"href":"https:\/\/www.redenoticia.com.br\/noticia\/wp-json\/wp\/v2\/posts"}],"about":[{"href":"https:\/\/www.redenoticia.com.br\/noticia\/wp-json\/wp\/v2\/types\/post"}],"author":[{"embeddable":true,"href":"https:\/\/www.redenoticia.com.br\/noticia\/wp-json\/wp\/v2\/users\/2"}],"replies":[{"embeddable":true,"href":"https:\/\/www.redenoticia.com.br\/noticia\/wp-json\/wp\/v2\/comments?post=85222"}],"version-history":[{"count":0,"href":"https:\/\/www.redenoticia.com.br\/noticia\/wp-json\/wp\/v2\/posts\/85222\/revisions"}],"wp:featuredmedia":[{"embeddable":true,"href":"https:\/\/www.redenoticia.com.br\/noticia\/wp-json\/wp\/v2\/media\/57585"}],"wp:attachment":[{"href":"https:\/\/www.redenoticia.com.br\/noticia\/wp-json\/wp\/v2\/media?parent=85222"}],"wp:term":[{"taxonomy":"category","embeddable":true,"href":"https:\/\/www.redenoticia.com.br\/noticia\/wp-json\/wp\/v2\/categories?post=85222"},{"taxonomy":"post_tag","embeddable":true,"href":"https:\/\/www.redenoticia.com.br\/noticia\/wp-json\/wp\/v2\/tags?post=85222"}],"curies":[{"name":"wp","href":"https:\/\/api.w.org\/{rel}","templated":true}]}}