{"id":85218,"date":"2016-04-28T10:19:35","date_gmt":"2016-04-28T13:19:35","guid":{"rendered":"http:\/\/www.redenoticia.com.br\/noticia\/?p=85218"},"modified":"2016-04-27T19:20:49","modified_gmt":"2016-04-27T22:20:49","slug":"detran-sp-conecta-usuarios-aos-servicos-por-meio-do-facebook","status":"publish","type":"post","link":"https:\/\/www.redenoticia.com.br\/noticia\/2016\/detran-sp-conecta-usuarios-aos-servicos-por-meio-do-facebook\/85218","title":{"rendered":"Detran.SP conecta usu\u00e1rios aos servi\u00e7os por meio do Facebook"},"content":{"rendered":"<p> Para facilitar o acesso aos servi\u00e7os on-line, o  criou uma ferramenta que possibilita aos motoristas se conectarem ao site usando o perfil do Facebook. Para ter acesso \u00e0 ferramenta, o usu\u00e1rio deve estar cadastrado no site do Detran.SP. <\/p>\n<p>De acordo com a institui\u00e7\u00e3o, atualmente, 60% das manifesta\u00e7\u00f5es dos canais &#8220;Fale com o Detran.SP&#8221; e &#8220;Disque Detran.SP&#8221; &#8211; acionados pelos cidad\u00e3os no portal e pelo telefone &#8211; s\u00e3o relativos ao esquecimento de senha e essa medida deve diminuir o volume desta demanda.<\/p>\n<p>O Detran.SP disponibiliza 26 servi\u00e7os on-line, voltados para ve\u00edculos, habilita\u00e7\u00e3o e infra\u00e7\u00f5es, que o motorista pode acessar em poucos cliques. O portal conta hoje com quase 10 milh\u00f5es de usu\u00e1rios cadastrados.<\/p>\n<p>Passo a passo<br \/>\nPara utilizar essa facilidade, o cidad\u00e3o deve estar cadastrado no site do Detran.SP. Para fazer o login, basta se identificar com o CPF e a senha no topo da p\u00e1gina. Assim que o sistema reconhecer o usu\u00e1rio, basta clicar na op\u00e7\u00e3o &#8220;Meu cadastro&#8221;. No campo &#8220;Associar contas&#8221;, incluir o e-mail utilizado para entrar no Facebook e a senha. Depois de vinculada a conta, \u00e9 s\u00f3 clicar em confirmar para salvar a mudan\u00e7a.<\/p>\n<p>Os usu\u00e1rios que j\u00e1 t\u00eam o cadastro vinculado ao Facebook podem se logar no portal do Detran.SP, na tela inicial, clicando no \u00edcone da rede social no topo da p\u00e1gina. Para desfazer a a\u00e7\u00e3o, basta selecionar a op\u00e7\u00e3o &#8220;Remover&#8221; e salvar a mudan\u00e7a. Nenhuma informa\u00e7\u00e3o do usu\u00e1rio \u00e9 postada nas redes sociais.<\/p>\n<p>Do Portal do Governo do Estado SP<\/p>\n","protected":false},"excerpt":{"rendered":"<p>Para facilitar o acesso aos servi\u00e7os on-line, o criou uma ferramenta que possibilita aos motoristas se conectarem ao site usando o perfil do Facebook. Para ter acesso \u00e0 ferramenta, o usu\u00e1rio deve estar cadastrado no site do Detran.SP. De acordo com a institui\u00e7\u00e3o, atualmente, 60% das manifesta\u00e7\u00f5es dos canais &#8220;Fale com o Detran.SP&#8221; e &#8220;Disque [&hellip;]<\/p>\n","protected":false},"author":2,"featured_media":57577,"comment_status":"open","ping_status":"closed","sticky":false,"template":"","format":"standard","meta":{"_genesis_hide_title":false,"_genesis_hide_breadcrumbs":false,"_genesis_hide_singular_image":false,"_genesis_hide_footer_widgets":false,"_genesis_custom_body_class":"","_genesis_custom_post_class":"","_genesis_layout":"","_jetpack_memberships_contains_paid_content":false,"footnotes":""},"categories":[22],"tags":[],"class_list":{"0":"post-85218","1":"post","2":"type-post","3":"status-publish","4":"format-standard","5":"has-post-thumbnail","7":"category-brasil","8":"entry","9":"gs-1","10":"gs-odd","11":"gs-even","12":"gs-featured-content-entry"},"jetpack_featured_media_url":"https:\/\/www.redenoticia.com.br\/noticia\/imagens\/tecnologia-inscricao.jpg","jetpack_sharing_enabled":true,"jetpack_likes_enabled":true,"_links":{"self":[{"href":"https:\/\/www.redenoticia.com.br\/noticia\/wp-json\/wp\/v2\/posts\/85218","targetHints":{"allow":["GET"]}}],"collection":[{"href":"https:\/\/www.redenoticia.com.br\/noticia\/wp-json\/wp\/v2\/posts"}],"about":[{"href":"https:\/\/www.redenoticia.com.br\/noticia\/wp-json\/wp\/v2\/types\/post"}],"author":[{"embeddable":true,"href":"https:\/\/www.redenoticia.com.br\/noticia\/wp-json\/wp\/v2\/users\/2"}],"replies":[{"embeddable":true,"href":"https:\/\/www.redenoticia.com.br\/noticia\/wp-json\/wp\/v2\/comments?post=85218"}],"version-history":[{"count":0,"href":"https:\/\/www.redenoticia.com.br\/noticia\/wp-json\/wp\/v2\/posts\/85218\/revisions"}],"wp:featuredmedia":[{"embeddable":true,"href":"https:\/\/www.redenoticia.com.br\/noticia\/wp-json\/wp\/v2\/media\/57577"}],"wp:attachment":[{"href":"https:\/\/www.redenoticia.com.br\/noticia\/wp-json\/wp\/v2\/media?parent=85218"}],"wp:term":[{"taxonomy":"category","embeddable":true,"href":"https:\/\/www.redenoticia.com.br\/noticia\/wp-json\/wp\/v2\/categories?post=85218"},{"taxonomy":"post_tag","embeddable":true,"href":"https:\/\/www.redenoticia.com.br\/noticia\/wp-json\/wp\/v2\/tags?post=85218"}],"curies":[{"name":"wp","href":"https:\/\/api.w.org\/{rel}","templated":true}]}}