{"id":85138,"date":"2016-04-27T10:15:38","date_gmt":"2016-04-27T13:15:38","guid":{"rendered":"http:\/\/www.redenoticia.com.br\/noticia\/?p=85138"},"modified":"2016-04-26T17:16:34","modified_gmt":"2016-04-26T20:16:34","slug":"vendas-do-comercio-varejista-caem-61-no-rio","status":"publish","type":"post","link":"https:\/\/www.redenoticia.com.br\/noticia\/2016\/vendas-do-comercio-varejista-caem-61-no-rio\/85138","title":{"rendered":"Vendas do com\u00e9rcio varejista caem 6,1% no Rio"},"content":{"rendered":"<p> As <strong><em>vendas do com\u00e9rcio varejista do Rio<\/em><\/strong> de Janeiro ca\u00edram 6,1% em mar\u00e7o deste ano, comparativamente a mar\u00e7o de 2015, segundo o Term\u00f4metro de Vendas divulgado pelo Centro de Estudos do Clube de Diretores Lojistas &#8211; CDLRio. \u00c9 o pior resultado desde mar\u00e7o de 2006 quando a queda chegou a 10,6%.<\/p>\n<p>Com o resultado de mar\u00e7o, as vendas do com\u00e9rcio varejista do Rio fecharam os primeiros tr\u00eas meses do ano (janeiro a mar\u00e7o) com queda acumulada de 9% frente ao mesmo per\u00edodo do ano passado, tamb\u00e9m o pior resultado para o m\u00eas desde 2006.<\/p>\n<p>Para o presidente da CDLRio, Aldo Gon\u00e7alves, a pesquisa, que ouviu cerca de 500 estabelecimentos varejistas, reflete a crise econ\u00f4mica que vem afetando a atividade produtiva.<\/p>\n<p>\u201cO desempenho foi fraco, mesmo considerando que o fato de que mar\u00e7o n\u00e3o costuma ser um m\u00eas de grandes vendas. Vem depois das f\u00e9rias e do carnaval, quando as pessoas investem muito em lazer, explicou.<\/p>\n<p>Causas<\/p>\n<p>Gon\u00e7alves avaliou, ainda, que a eleva\u00e7\u00e3o dos juros, o desemprego e a infla\u00e7\u00e3o em patamar elevado podem ser considerados como os principais fatores para os resultados negativos do primeiro semestre e do m\u00eas de mar\u00e7o.<\/p>\n<p>\u201cAl\u00e9m disso, outro fator que influenciou no resultado do m\u00eas foi a desacelera\u00e7\u00e3o nas vendas das lojas do centro da cidade [em obras de moderniza\u00e7\u00e3o e urbaniza\u00e7\u00e3o]. Por tudo isso, o com\u00e9rcio est\u00e1 se empenhando com a\u00e7\u00f5es para melhorar o desempenho das vendas para o dia das m\u00e3es, a segunda data mais importante depois do natal, com o lan\u00e7amento de promo\u00e7\u00f5es, descontos, sistemas de cr\u00e9dito diferenciados e diversifica\u00e7\u00e3o de produtos, esperando um crescimento das vendas de 2%\u201d, ressaltou.<\/p>\n<p>A queda de 6,1% em mar\u00e7o, frente a mar\u00e7o de 2015, reflete resultados negativos em todos os setores do ramo mole (bens n\u00e3o dur\u00e1veis) e do ramo duro (bens dur\u00e1veis): confec\u00e7\u00f5es ca\u00edram 4,1%; tecidos (-7,7%); cal\u00e7ados (-7,3%); \u00f3ticas (-12,3%); m\u00f3veis (-7,9%); j\u00f3ias (-6,9%); e eletrodom\u00e9sticos (-6,5%).<\/p>\n<p>Outra constata\u00e7\u00e3o da pesquisa do Clube dos Diretores Lojistas do Rio \u00e9 de que, mesmo tendo ca\u00eddo 7,4% frente a mar\u00e7o de 2015, as vendas \u00e0 vista foram as preferidas pelos consumidores.<\/p>\n<p>Nielmar de Oliveira &#8211; Rep\u00f3rter da Ag\u00eancia Brasil<br \/>\nEdi\u00e7\u00e3o: Kleber Sampaio<br \/>\n27\/04\/2016<\/p>\n","protected":false},"excerpt":{"rendered":"<p>As vendas do com\u00e9rcio varejista do Rio de Janeiro ca\u00edram 6,1% em mar\u00e7o deste ano, comparativamente a mar\u00e7o de 2015, segundo o Term\u00f4metro de Vendas divulgado pelo Centro de Estudos do Clube de Diretores Lojistas &#8211; CDLRio. \u00c9 o pior resultado desde mar\u00e7o de 2006 quando a queda chegou a 10,6%. Com o resultado de [&hellip;]<\/p>\n","protected":false},"author":2,"featured_media":57583,"comment_status":"open","ping_status":"closed","sticky":false,"template":"","format":"standard","meta":{"_genesis_hide_title":false,"_genesis_hide_breadcrumbs":false,"_genesis_hide_singular_image":false,"_genesis_hide_footer_widgets":false,"_genesis_custom_body_class":"","_genesis_custom_post_class":"","_genesis_layout":"","_jetpack_memberships_contains_paid_content":false,"footnotes":""},"categories":[22,7],"tags":[],"class_list":{"0":"post-85138","1":"post","2":"type-post","3":"status-publish","4":"format-standard","5":"has-post-thumbnail","7":"category-brasil","8":"category-economia","9":"entry","10":"gs-1","11":"gs-odd","12":"gs-even","13":"gs-featured-content-entry"},"jetpack_featured_media_url":"https:\/\/www.redenoticia.com.br\/noticia\/imagens\/economia-grafico.jpg","jetpack_sharing_enabled":true,"jetpack_likes_enabled":true,"_links":{"self":[{"href":"https:\/\/www.redenoticia.com.br\/noticia\/wp-json\/wp\/v2\/posts\/85138","targetHints":{"allow":["GET"]}}],"collection":[{"href":"https:\/\/www.redenoticia.com.br\/noticia\/wp-json\/wp\/v2\/posts"}],"about":[{"href":"https:\/\/www.redenoticia.com.br\/noticia\/wp-json\/wp\/v2\/types\/post"}],"author":[{"embeddable":true,"href":"https:\/\/www.redenoticia.com.br\/noticia\/wp-json\/wp\/v2\/users\/2"}],"replies":[{"embeddable":true,"href":"https:\/\/www.redenoticia.com.br\/noticia\/wp-json\/wp\/v2\/comments?post=85138"}],"version-history":[{"count":0,"href":"https:\/\/www.redenoticia.com.br\/noticia\/wp-json\/wp\/v2\/posts\/85138\/revisions"}],"wp:featuredmedia":[{"embeddable":true,"href":"https:\/\/www.redenoticia.com.br\/noticia\/wp-json\/wp\/v2\/media\/57583"}],"wp:attachment":[{"href":"https:\/\/www.redenoticia.com.br\/noticia\/wp-json\/wp\/v2\/media?parent=85138"}],"wp:term":[{"taxonomy":"category","embeddable":true,"href":"https:\/\/www.redenoticia.com.br\/noticia\/wp-json\/wp\/v2\/categories?post=85138"},{"taxonomy":"post_tag","embeddable":true,"href":"https:\/\/www.redenoticia.com.br\/noticia\/wp-json\/wp\/v2\/tags?post=85138"}],"curies":[{"name":"wp","href":"https:\/\/api.w.org\/{rel}","templated":true}]}}