{"id":85136,"date":"2016-04-27T10:14:26","date_gmt":"2016-04-27T13:14:26","guid":{"rendered":"http:\/\/www.redenoticia.com.br\/noticia\/?p=85136"},"modified":"2016-04-26T17:15:29","modified_gmt":"2016-04-26T20:15:29","slug":"energia-eletrica-fica-mais-cara-para-consumidores-de-pernambuco","status":"publish","type":"post","link":"https:\/\/www.redenoticia.com.br\/noticia\/2016\/energia-eletrica-fica-mais-cara-para-consumidores-de-pernambuco\/85136","title":{"rendered":"Energia el\u00e9trica fica mais cara para consumidores de Pernambuco"},"content":{"rendered":"<p> A Ag\u00eancia Nacional de Energia El\u00e9trica aprovou o <strong><em>reajuste tarif\u00e1rio<\/em><\/strong> da Companhia Energ\u00e9tica de Pernambuco (Celpe). Para os consumidores residenciais o aumento ser\u00e1  11,50% e para as ind\u00fastrias, 6,77%. Os novos valores entram em vigor na sexta-feira (29) para 3,5 milh\u00f5es de consumidores localizadas em 185 munic\u00edpios de Pernambuco.<\/p>\n<p>Segundo a ag\u00eancia reguladora, o reajuste considera a varia\u00e7\u00e3o de custos associados \u00e0 presta\u00e7\u00e3o do servi\u00e7o, conforme estabelecido no contrato de concess\u00e3o das distribuidoras. <\/p>\n<p>O c\u00e1lculo leva em conta a aquisi\u00e7\u00e3o e a transmiss\u00e3o de energia el\u00e9trica, al\u00e9m dos encargos setoriais. Os custos t\u00edpicos da atividade de distribui\u00e7\u00e3o s\u00e3o atualizados com base no \u00cdndice Geral de Pre\u00e7os de Mercado. <\/p>\n<p>Sabrina Craide &#8211; Rep\u00f3rter da Ag\u00eancia Brasil<br \/>\nEdi\u00e7\u00e3o: Beto Coura<br \/>\n27\/04\/2016<br \/>\n&#8212;<br \/>\nA Empresa Brasil de Comunica\u00e7\u00e3o \u00e9 uma institui\u00e7\u00e3o da democracia brasileira: p\u00fablica, inclusiva e cidad\u00e3.  Criada em 2007 para fortalecer o sistema p\u00fablico de comunica\u00e7\u00e3o, \u00e9 gestora dos canais TV Brasil, TV Brasil Internacional, Ag\u00eancia Brasil, Radioag\u00eancia Nacional e do sistema p\u00fablico de R\u00e1dio \u2013 composto por oito emissoras. Estes, por sua independ\u00eancia editorial, distinguem-se dos canais estatais ou governamentais, com conte\u00fados diferenciados e complementares aos canais privados. Os ve\u00edculos da EBC t\u00eam autonomia para definir produ\u00e7\u00e3o, programa\u00e7\u00e3o e distribui\u00e7\u00e3o de conte\u00fados.<\/p>\n","protected":false},"excerpt":{"rendered":"<p>A Ag\u00eancia Nacional de Energia El\u00e9trica aprovou o reajuste tarif\u00e1rio da Companhia Energ\u00e9tica de Pernambuco (Celpe). Para os consumidores residenciais o aumento ser\u00e1 11,50% e para as ind\u00fastrias, 6,77%. Os novos valores entram em vigor na sexta-feira (29) para 3,5 milh\u00f5es de consumidores localizadas em 185 munic\u00edpios de Pernambuco. Segundo a ag\u00eancia reguladora, o reajuste [&hellip;]<\/p>\n","protected":false},"author":2,"featured_media":57582,"comment_status":"open","ping_status":"closed","sticky":false,"template":"","format":"standard","meta":{"_genesis_hide_title":false,"_genesis_hide_breadcrumbs":false,"_genesis_hide_singular_image":false,"_genesis_hide_footer_widgets":false,"_genesis_custom_body_class":"","_genesis_custom_post_class":"","_genesis_layout":"","_jetpack_memberships_contains_paid_content":false,"footnotes":""},"categories":[22,7],"tags":[],"class_list":{"0":"post-85136","1":"post","2":"type-post","3":"status-publish","4":"format-standard","5":"has-post-thumbnail","7":"category-brasil","8":"category-economia","9":"entry","10":"gs-1","11":"gs-odd","12":"gs-even","13":"gs-featured-content-entry"},"jetpack_featured_media_url":"https:\/\/www.redenoticia.com.br\/noticia\/imagens\/grafico1.jpg","jetpack_sharing_enabled":true,"jetpack_likes_enabled":true,"_links":{"self":[{"href":"https:\/\/www.redenoticia.com.br\/noticia\/wp-json\/wp\/v2\/posts\/85136","targetHints":{"allow":["GET"]}}],"collection":[{"href":"https:\/\/www.redenoticia.com.br\/noticia\/wp-json\/wp\/v2\/posts"}],"about":[{"href":"https:\/\/www.redenoticia.com.br\/noticia\/wp-json\/wp\/v2\/types\/post"}],"author":[{"embeddable":true,"href":"https:\/\/www.redenoticia.com.br\/noticia\/wp-json\/wp\/v2\/users\/2"}],"replies":[{"embeddable":true,"href":"https:\/\/www.redenoticia.com.br\/noticia\/wp-json\/wp\/v2\/comments?post=85136"}],"version-history":[{"count":0,"href":"https:\/\/www.redenoticia.com.br\/noticia\/wp-json\/wp\/v2\/posts\/85136\/revisions"}],"wp:featuredmedia":[{"embeddable":true,"href":"https:\/\/www.redenoticia.com.br\/noticia\/wp-json\/wp\/v2\/media\/57582"}],"wp:attachment":[{"href":"https:\/\/www.redenoticia.com.br\/noticia\/wp-json\/wp\/v2\/media?parent=85136"}],"wp:term":[{"taxonomy":"category","embeddable":true,"href":"https:\/\/www.redenoticia.com.br\/noticia\/wp-json\/wp\/v2\/categories?post=85136"},{"taxonomy":"post_tag","embeddable":true,"href":"https:\/\/www.redenoticia.com.br\/noticia\/wp-json\/wp\/v2\/tags?post=85136"}],"curies":[{"name":"wp","href":"https:\/\/api.w.org\/{rel}","templated":true}]}}