{"id":85134,"date":"2016-04-27T10:19:22","date_gmt":"2016-04-27T13:19:22","guid":{"rendered":"http:\/\/www.redenoticia.com.br\/noticia\/?p=85134"},"modified":"2016-04-26T17:19:34","modified_gmt":"2016-04-26T20:19:34","slug":"indice-de-confianca-do-consumidor-cai-27-pontos","status":"publish","type":"post","link":"https:\/\/www.redenoticia.com.br\/noticia\/2016\/indice-de-confianca-do-consumidor-cai-27-pontos\/85134","title":{"rendered":"\u00cdndice de Confian\u00e7a do Consumidor cai 2,7 pontos"},"content":{"rendered":"<p> O <strong><em>\u00cdndice de Confian\u00e7a do Consumidor<\/em><\/strong> (ICC), medido pela Funda\u00e7\u00e3o Getulio Vargas (FGV), caiu 2,7 pontos na passagem de mar\u00e7o para abril deste ano. O indicador recuou de 67,1 para 64,4 pontos em abril, atingindo o menor n\u00edvel da s\u00e9rie hist\u00f3rica em setembro de 2005.<\/p>\n<p>A queda foi influenciada principalmente pela opini\u00e3o dos consumidores em rela\u00e7\u00e3o aos pr\u00f3ximos meses. O \u00cdndice de Expectativas recuou 3,2 pontos, atingindo 65,8 pontos, o menor da s\u00e9rie hist\u00f3rica, principalmente pelo pessimismo em rela\u00e7\u00e3o \u00e0 situa\u00e7\u00e3o financeira da pr\u00f3pria fam\u00edlia.<\/p>\n<p>A confian\u00e7a dos consumidores em rela\u00e7\u00e3o ao atual momento tamb\u00e9m caiu, embora de forma mais moderada: 1,6 ponto. O \u00cdndice da Situa\u00e7\u00e3o Atual atingiu 64,7 pontos, tamb\u00e9m um m\u00ednimo hist\u00f3rico por conta da piora na avalia\u00e7\u00e3o sobre a situa\u00e7\u00e3o financeira familiar.<\/p>\n<p>Vitor Abdala \u2013 Rep\u00f3rter da Ag\u00eancia Brasil<br \/>\nEdi\u00e7\u00e3o: Kleber Sampaio<br \/>\n27\/04\/2016<br \/>\n&#8212;<br \/>\nA Empresa Brasil de Comunica\u00e7\u00e3o \u00e9 uma institui\u00e7\u00e3o da democracia brasileira: p\u00fablica, inclusiva e cidad\u00e3.  Criada em 2007 para fortalecer o sistema p\u00fablico de comunica\u00e7\u00e3o, \u00e9 gestora dos canais TV Brasil, TV Brasil Internacional, Ag\u00eancia Brasil, Radioag\u00eancia Nacional e do sistema p\u00fablico de R\u00e1dio \u2013 composto por oito emissoras. Estes, por sua independ\u00eancia editorial, distinguem-se dos canais estatais ou governamentais, com conte\u00fados diferenciados e complementares aos canais privados. Os ve\u00edculos da EBC t\u00eam autonomia para definir produ\u00e7\u00e3o, programa\u00e7\u00e3o e distribui\u00e7\u00e3o de conte\u00fados.<\/p>\n","protected":false},"excerpt":{"rendered":"<p>O \u00cdndice de Confian\u00e7a do Consumidor (ICC), medido pela Funda\u00e7\u00e3o Getulio Vargas (FGV), caiu 2,7 pontos na passagem de mar\u00e7o para abril deste ano. O indicador recuou de 67,1 para 64,4 pontos em abril, atingindo o menor n\u00edvel da s\u00e9rie hist\u00f3rica em setembro de 2005. A queda foi influenciada principalmente pela opini\u00e3o dos consumidores em [&hellip;]<\/p>\n","protected":false},"author":2,"featured_media":57585,"comment_status":"open","ping_status":"closed","sticky":false,"template":"","format":"standard","meta":{"_genesis_hide_title":false,"_genesis_hide_breadcrumbs":false,"_genesis_hide_singular_image":false,"_genesis_hide_footer_widgets":false,"_genesis_custom_body_class":"","_genesis_custom_post_class":"","_genesis_layout":"","_jetpack_memberships_contains_paid_content":false,"footnotes":""},"categories":[22,7],"tags":[],"class_list":{"0":"post-85134","1":"post","2":"type-post","3":"status-publish","4":"format-standard","5":"has-post-thumbnail","7":"category-brasil","8":"category-economia","9":"entry","10":"gs-1","11":"gs-odd","12":"gs-even","13":"gs-featured-content-entry"},"jetpack_featured_media_url":"https:\/\/www.redenoticia.com.br\/noticia\/imagens\/analise-economia.jpg","jetpack_sharing_enabled":true,"jetpack_likes_enabled":true,"_links":{"self":[{"href":"https:\/\/www.redenoticia.com.br\/noticia\/wp-json\/wp\/v2\/posts\/85134","targetHints":{"allow":["GET"]}}],"collection":[{"href":"https:\/\/www.redenoticia.com.br\/noticia\/wp-json\/wp\/v2\/posts"}],"about":[{"href":"https:\/\/www.redenoticia.com.br\/noticia\/wp-json\/wp\/v2\/types\/post"}],"author":[{"embeddable":true,"href":"https:\/\/www.redenoticia.com.br\/noticia\/wp-json\/wp\/v2\/users\/2"}],"replies":[{"embeddable":true,"href":"https:\/\/www.redenoticia.com.br\/noticia\/wp-json\/wp\/v2\/comments?post=85134"}],"version-history":[{"count":0,"href":"https:\/\/www.redenoticia.com.br\/noticia\/wp-json\/wp\/v2\/posts\/85134\/revisions"}],"wp:featuredmedia":[{"embeddable":true,"href":"https:\/\/www.redenoticia.com.br\/noticia\/wp-json\/wp\/v2\/media\/57585"}],"wp:attachment":[{"href":"https:\/\/www.redenoticia.com.br\/noticia\/wp-json\/wp\/v2\/media?parent=85134"}],"wp:term":[{"taxonomy":"category","embeddable":true,"href":"https:\/\/www.redenoticia.com.br\/noticia\/wp-json\/wp\/v2\/categories?post=85134"},{"taxonomy":"post_tag","embeddable":true,"href":"https:\/\/www.redenoticia.com.br\/noticia\/wp-json\/wp\/v2\/tags?post=85134"}],"curies":[{"name":"wp","href":"https:\/\/api.w.org\/{rel}","templated":true}]}}